{"id":29311,"date":"2021-02-03T13:56:13","date_gmt":"2021-02-03T13:56:13","guid":{"rendered":"https:\/\/www.diasdavilaacontece.com\/?p=29311"},"modified":"2021-02-03T13:56:13","modified_gmt":"2021-02-03T13:56:13","slug":"governador-do-ceara-endurece-medidas-para-combater-nova-variante-da-covid-no-seu-estado","status":"publish","type":"post","link":"https:\/\/www.diasdavilaacontece.com\/?p=29311","title":{"rendered":"GOVERNADOR DO CEAR\u00c1 ENDURECE MEDIDAS PARA COMBATER NOVA VARIANTE DA COVID NO SEU ESTADO"},"content":{"rendered":"<p>O governador do Cear\u00e1, Camilo Santana (PT), solicitou a prorroga\u00e7\u00e3o do estado de calamidade em sa\u00fade p\u00fablica e determinou que estabelecimentos comerciais que n\u00e3o desempenham atividades essenciais em Fortaleza s\u00f3 poder\u00e3o funcionar at\u00e9 \u00e0s 20h durante os pr\u00f3ximos 15 dias. A medida vale a partir desta quarta-feira (3). A reabertura ser\u00e1 permitida sempre \u00e0s 6h do dia seguinte.<\/p>\n<p>O petista disse que o aumento de casos confirmados do coronav\u00edrus e a suspeita de uma nova variante do v\u00edrus no estado foram determinantes para a medida mais dr\u00e1stica. Por isso, ele pretende &#8220;evitar atividades l\u00fadicas, festas, aglomera\u00e7\u00f5es, evitar que as pessoas se divirtam do ponto de vista noturno&#8221; na rua.<\/p>\n<p>De acordo com o Di\u00e1rio do Nordeste, nos fins de semana, estabelecimentos do setor de alimenta\u00e7\u00e3o, a exemplo de restaurantes e barracas de praia, s\u00f3 poder\u00e3o funcionar at\u00e9 \u00e0s 15h. Depois, s\u00f3 em esquema de delivery. Servi\u00e7os essenciais, como farm\u00e1cias, n\u00e3o ser\u00e3o afetados.<\/p>\n<p>O governador tamb\u00e9m avisou, em live nas redes sociais nesta ter\u00e7a-feira (2), que enviou para a Assembleia Legislativa um projeto de lei para prorrogar o estado de calamidade em sa\u00fade p\u00fablica por mais seis meses.<\/p>\n<p>&nbsp;<\/p>\n<p>.<\/p>\n<p>Fonte &#8211; BNews<\/p>\n<h3>Related Images:<\/h3>","protected":false},"excerpt":{"rendered":"<p>O governador do Cear\u00e1, Camilo Santana (PT), solicitou a prorroga\u00e7\u00e3o do estado de calamidade em&#8230;<\/p>\n","protected":false},"author":1,"featured_media":29312,"comment_status":"closed","ping_status":"open","sticky":false,"template":"","format":"standard","meta":{"sfsi_plus_gutenberg_text_before_share":"","sfsi_plus_gutenberg_show_text_before_share":"","sfsi_plus_gutenberg_icon_type":"","sfsi_plus_gutenberg_icon_alignemt":"","sfsi_plus_gutenburg_max_per_row":"","_exactmetrics_skip_tracking":false,"_exactmetrics_sitenote_active":false,"_exactmetrics_sitenote_note":"","_exactmetrics_sitenote_category":0,"ngg_post_thumbnail":0,"footnotes":""},"categories":[1],"tags":[],"class_list":["post-29311","post","type-post","status-publish","format-standard","has-post-thumbnail","hentry","category-sem-categoria"],"_links":{"self":[{"href":"https:\/\/www.diasdavilaacontece.com\/index.php?rest_route=\/wp\/v2\/posts\/29311","targetHints":{"allow":["GET"]}}],"collection":[{"href":"https:\/\/www.diasdavilaacontece.com\/index.php?rest_route=\/wp\/v2\/posts"}],"about":[{"href":"https:\/\/www.diasdavilaacontece.com\/index.php?rest_route=\/wp\/v2\/types\/post"}],"author":[{"embeddable":true,"href":"https:\/\/www.diasdavilaacontece.com\/index.php?rest_route=\/wp\/v2\/users\/1"}],"replies":[{"embeddable":true,"href":"https:\/\/www.diasdavilaacontece.com\/index.php?rest_route=%2Fwp%2Fv2%2Fcomments&post=29311"}],"version-history":[{"count":1,"href":"https:\/\/www.diasdavilaacontece.com\/index.php?rest_route=\/wp\/v2\/posts\/29311\/revisions"}],"predecessor-version":[{"id":29313,"href":"https:\/\/www.diasdavilaacontece.com\/index.php?rest_route=\/wp\/v2\/posts\/29311\/revisions\/29313"}],"wp:featuredmedia":[{"embeddable":true,"href":"https:\/\/www.diasdavilaacontece.com\/index.php?rest_route=\/wp\/v2\/media\/29312"}],"wp:attachment":[{"href":"https:\/\/www.diasdavilaacontece.com\/index.php?rest_route=%2Fwp%2Fv2%2Fmedia&parent=29311"}],"wp:term":[{"taxonomy":"category","embeddable":true,"href":"https:\/\/www.diasdavilaacontece.com\/index.php?rest_route=%2Fwp%2Fv2%2Fcategories&post=29311"},{"taxonomy":"post_tag","embeddable":true,"href":"https:\/\/www.diasdavilaacontece.com\/index.php?rest_route=%2Fwp%2Fv2%2Ftags&post=29311"}],"curies":[{"name":"wp","href":"https:\/\/api.w.org\/{rel}","templated":true}]}}