{"id":29324,"date":"2021-02-03T21:39:37","date_gmt":"2021-02-03T21:39:37","guid":{"rendered":"https:\/\/www.diasdavilaacontece.com\/?p=29324"},"modified":"2021-02-03T22:29:50","modified_gmt":"2021-02-03T22:29:50","slug":"policia-civil-prende-homem-acusado-de-atear-fogo-em-morador-em-situacao-de-rua-no-centro-de-dias-davila","status":"publish","type":"post","link":"https:\/\/www.diasdavilaacontece.com\/?p=29324","title":{"rendered":"POL\u00cdCIA CIVIL PRENDE HOMEM ACUSADO DE ATEAR FOGO EM MORADOR EM SITUA\u00c7\u00c3O DE RUA NO CENTRO DE DIAS D&#8217;\u00c1VILA"},"content":{"rendered":"<p>A pol\u00edcia prendeu, na tarde desta quarta-feira (3), o acusado de atear fogo e matar um morador em situa\u00e7\u00e3o de rua na cidade de Dias d&#8217;\u00c1vila, nesta madrugada.<\/p>\n<p>&#8220;Felizmente conseguimos lograr \u00eaxito na captura. Agora vamos apurar toda a situa\u00e7\u00e3o. A pris\u00e3o dele foi o pontap\u00e9 inicial. Agora vamos procurar saber qual foi a motiva\u00e7\u00e3o desse crime chocante&#8221;, disse o delegado respons\u00e1vel pelo caso em entrevista \u00e0 TV Record.<\/p>\n<p>Em menos de 12 horas depois do crime, a Pol\u00edcia Civil d\u00e1 uma resposta positiva e captura a pessoa respons\u00e1vel pelo b\u00e1rbaro homic\u00eddio no centro da cidade. O acusado, identificado pelas iniciais JSP, conhecido por &#8216;Sabi\u00e1&#8221; foi preso pela Pol\u00edcia Civil de Dias d&#8217;\u00c1vila juntamente com uma equipe da PM na localidade de Cachorro Morto, pr\u00f3ximo ao Genaro. O mesmo foi identificado pelas c\u00e2meras de monitoramento da pra\u00e7a ACM.<\/p>\n<p>Segundo informa\u00e7\u00f5es, o crime teria acontecido por motivo de desaven\u00e7as e agress\u00f5es acontecidas no decorrer da semana anterior. Mas, a investiga\u00e7\u00e3o segue em curso para apurar melhor o acontecido.<\/p>\n<h3>Related Images:<\/h3>","protected":false},"excerpt":{"rendered":"<p>A pol\u00edcia prendeu, na tarde desta quarta-feira (3), o acusado de atear fogo e matar&#8230;<\/p>\n","protected":false},"author":1,"featured_media":29325,"comment_status":"closed","ping_status":"open","sticky":false,"template":"","format":"standard","meta":{"sfsi_plus_gutenberg_text_before_share":"","sfsi_plus_gutenberg_show_text_before_share":"","sfsi_plus_gutenberg_icon_type":"","sfsi_plus_gutenberg_icon_alignemt":"","sfsi_plus_gutenburg_max_per_row":"","_exactmetrics_skip_tracking":false,"_exactmetrics_sitenote_active":false,"_exactmetrics_sitenote_note":"","_exactmetrics_sitenote_category":0,"ngg_post_thumbnail":0,"footnotes":""},"categories":[56],"tags":[],"class_list":["post-29324","post","type-post","status-publish","format-standard","has-post-thumbnail","hentry","category-dias-davila"],"_links":{"self":[{"href":"https:\/\/www.diasdavilaacontece.com\/index.php?rest_route=\/wp\/v2\/posts\/29324","targetHints":{"allow":["GET"]}}],"collection":[{"href":"https:\/\/www.diasdavilaacontece.com\/index.php?rest_route=\/wp\/v2\/posts"}],"about":[{"href":"https:\/\/www.diasdavilaacontece.com\/index.php?rest_route=\/wp\/v2\/types\/post"}],"author":[{"embeddable":true,"href":"https:\/\/www.diasdavilaacontece.com\/index.php?rest_route=\/wp\/v2\/users\/1"}],"replies":[{"embeddable":true,"href":"https:\/\/www.diasdavilaacontece.com\/index.php?rest_route=%2Fwp%2Fv2%2Fcomments&post=29324"}],"version-history":[{"count":4,"href":"https:\/\/www.diasdavilaacontece.com\/index.php?rest_route=\/wp\/v2\/posts\/29324\/revisions"}],"predecessor-version":[{"id":29335,"href":"https:\/\/www.diasdavilaacontece.com\/index.php?rest_route=\/wp\/v2\/posts\/29324\/revisions\/29335"}],"wp:featuredmedia":[{"embeddable":true,"href":"https:\/\/www.diasdavilaacontece.com\/index.php?rest_route=\/wp\/v2\/media\/29325"}],"wp:attachment":[{"href":"https:\/\/www.diasdavilaacontece.com\/index.php?rest_route=%2Fwp%2Fv2%2Fmedia&parent=29324"}],"wp:term":[{"taxonomy":"category","embeddable":true,"href":"https:\/\/www.diasdavilaacontece.com\/index.php?rest_route=%2Fwp%2Fv2%2Fcategories&post=29324"},{"taxonomy":"post_tag","embeddable":true,"href":"https:\/\/www.diasdavilaacontece.com\/index.php?rest_route=%2Fwp%2Fv2%2Ftags&post=29324"}],"curies":[{"name":"wp","href":"https:\/\/api.w.org\/{rel}","templated":true}]}}