{"id":33041,"date":"2021-12-07T14:27:42","date_gmt":"2021-12-07T14:27:42","guid":{"rendered":"https:\/\/www.diasdavilaacontece.com\/?p=33041"},"modified":"2021-12-07T14:30:42","modified_gmt":"2021-12-07T14:30:42","slug":"vereadores-querem-punir-postos-de-gasolina-que-venda-combustivel-adulterado-em-dias-davila","status":"publish","type":"post","link":"https:\/\/www.diasdavilaacontece.com\/?p=33041","title":{"rendered":"VEREADORES QUEREM PUNIR POSTOS DE GASOLINA QUE VENDA COMBUST\u00cdVEL ADULTERADO EM DIAS D&#8217;\u00c1VILA"},"content":{"rendered":"<p>Durante a Sess\u00e3o Ordin\u00e1ria do dia 1 de dezembro (quarta-feira), o vereador Reanto Henrique &#8211; PP,&nbsp; vereador Marant Azevedo &#8211; PSD, vereador Joabe Palmeira &#8211; PP e Cleiton Lima &#8211; PSD &#8211; entraram com um Projeto Lei que disp\u00f5e sobre a cassa\u00e7\u00e3o de alvar\u00e1 e funcionamento de empresas e postos estabelecidos no munic\u00edpio que revendam combust\u00edveis adulterados.&nbsp;<\/p>\n<p>&#8220;Para efeitos desta lei, considera-se adulterado o combust\u00edvel que sofra altera\u00e7\u00e3o quanto ao padr\u00e3o de qualidade evidenciado em laudo pericial emitido pela Ag\u00eancia Nacional do Petr\u00f3leo &#8211; ANP ou entidade por esta credenciada ou conveniada para este fim&#8221; &#8211; explicou o vereador Marant.<\/p>\n<p>O projeto de Lei prev\u00ea que ap\u00f3s a constata\u00e7\u00e3o da infra\u00e7\u00e3o pelo Executivo Municipal, ser\u00e1 instaurado um processo administrativo, que dever\u00e1 ser concluido em um prazo m\u00e1ximo de 60 dias, assegurando a ampla defesa do acusado , permanecendo o estabelecimento fechado cautelarmente nesse per\u00edodo. Os respons\u00e1veis pelos estabelecimentos que tiverem seu alvar\u00e1 de funcionamento cassado, ficam proibidos pelo per\u00edodo de cinco anos a obter novo alvar\u00e1 para o mesmo ramo de atividade. Ap\u00f3s os tr\u00e2mites pelo Executivo, o processo dever\u00e1 ser enviado ao Minist\u00e9rio P\u00fablico para as provid\u00eancias cab\u00edveis.<\/p>\n<h3>Related Images:<\/h3>","protected":false},"excerpt":{"rendered":"<p>Durante a Sess\u00e3o Ordin\u00e1ria do dia 1 de dezembro (quarta-feira), o vereador Reanto Henrique &#8211;&#8230;<\/p>\n","protected":false},"author":1,"featured_media":33042,"comment_status":"closed","ping_status":"open","sticky":false,"template":"","format":"standard","meta":{"sfsi_plus_gutenberg_text_before_share":"","sfsi_plus_gutenberg_show_text_before_share":"","sfsi_plus_gutenberg_icon_type":"","sfsi_plus_gutenberg_icon_alignemt":"","sfsi_plus_gutenburg_max_per_row":"","_exactmetrics_skip_tracking":false,"_exactmetrics_sitenote_active":false,"_exactmetrics_sitenote_note":"","_exactmetrics_sitenote_category":0,"ngg_post_thumbnail":0,"footnotes":""},"categories":[56],"tags":[],"class_list":["post-33041","post","type-post","status-publish","format-standard","has-post-thumbnail","hentry","category-dias-davila"],"_links":{"self":[{"href":"https:\/\/www.diasdavilaacontece.com\/index.php?rest_route=\/wp\/v2\/posts\/33041","targetHints":{"allow":["GET"]}}],"collection":[{"href":"https:\/\/www.diasdavilaacontece.com\/index.php?rest_route=\/wp\/v2\/posts"}],"about":[{"href":"https:\/\/www.diasdavilaacontece.com\/index.php?rest_route=\/wp\/v2\/types\/post"}],"author":[{"embeddable":true,"href":"https:\/\/www.diasdavilaacontece.com\/index.php?rest_route=\/wp\/v2\/users\/1"}],"replies":[{"embeddable":true,"href":"https:\/\/www.diasdavilaacontece.com\/index.php?rest_route=%2Fwp%2Fv2%2Fcomments&post=33041"}],"version-history":[{"count":2,"href":"https:\/\/www.diasdavilaacontece.com\/index.php?rest_route=\/wp\/v2\/posts\/33041\/revisions"}],"predecessor-version":[{"id":33044,"href":"https:\/\/www.diasdavilaacontece.com\/index.php?rest_route=\/wp\/v2\/posts\/33041\/revisions\/33044"}],"wp:featuredmedia":[{"embeddable":true,"href":"https:\/\/www.diasdavilaacontece.com\/index.php?rest_route=\/wp\/v2\/media\/33042"}],"wp:attachment":[{"href":"https:\/\/www.diasdavilaacontece.com\/index.php?rest_route=%2Fwp%2Fv2%2Fmedia&parent=33041"}],"wp:term":[{"taxonomy":"category","embeddable":true,"href":"https:\/\/www.diasdavilaacontece.com\/index.php?rest_route=%2Fwp%2Fv2%2Fcategories&post=33041"},{"taxonomy":"post_tag","embeddable":true,"href":"https:\/\/www.diasdavilaacontece.com\/index.php?rest_route=%2Fwp%2Fv2%2Ftags&post=33041"}],"curies":[{"name":"wp","href":"https:\/\/api.w.org\/{rel}","templated":true}]}}