{"id":33527,"date":"2022-01-21T17:38:13","date_gmt":"2022-01-21T17:38:13","guid":{"rendered":"https:\/\/www.diasdavilaacontece.com\/?p=33527"},"modified":"2022-01-21T17:44:08","modified_gmt":"2022-01-21T17:44:08","slug":"pm-divulga-acoes-operacoes-que-estao-sendo-desencadeadas-no-campo-do-albino-apos-tiroteio-da-quinta-feira-20","status":"publish","type":"post","link":"https:\/\/www.diasdavilaacontece.com\/?p=33527","title":{"rendered":"PM DIVULGA A\u00c7\u00d5ES\/OPERA\u00c7\u00d5ES QUE EST\u00c3O SENDO DESENCADEADAS NO CAMPO DO ALBINO AP\u00d3S TIROTEIO DA QUINTA-FEIRA (20)"},"content":{"rendered":"<p>Depois da mat\u00e9ria sobre o intenso tiroteio entre gangs no Bairro jardim Petr\u00f3polis &#8211; pr\u00f3ximo ao Campo do Albino no in\u00edcio da noite da tarde de quinta-feira (20) &#8211; no qual o Jornal e Site Dias d&#8217;\u00c1vila Acontece pedia que provid\u00eancias preventiva e repressiva fosse desencadeada na referida \u00e1rea que se deu o embate de marginais, para devolver a popula\u00e7\u00e3o a tranquilidade e a seguran\u00e7a p\u00fablica que tanta almejam &#8211; a PM, ou seja, a 36\u00aa Cia Independente da Pol\u00edcia Militar em Dias d&#8217;\u00c1vila, enviou um boletim de a\u00e7\u00f5es que est\u00e3o sendo desenvolvidas no bairro e adjac\u00eancias &#8211; para tranquilizar os moradores.<\/p>\n<p>Segundo o boletim, cinco viaturas policiais est\u00e3o patrulhando o local, com um efetivo de 15 homens &#8211; promovendo abordagens, buscas, identifica\u00e7\u00e3o em ve\u00edculos e pessoas \u00e0 p\u00e9 &#8211; e incurs\u00f5es a lugares que eles detectam ser necess\u00e1rios. A referida intensifica\u00e7\u00e3o do policiamento visa restabelecer a sensa\u00e7\u00e3o de seguran\u00e7a nestes locais e est\u00e1 sendo diuturna, tanto no bairro Jardim Petr\u00f3polis, Garcia d&#8217;\u00c1vila e Bosque.<\/p>\n<p><a href=\"https:\/\/www.diasdavilaacontece.com\/wp-content\/uploads\/2022\/01\/c076a499-c29f-400a-8c41-977efb1633bc.jpg\"><img loading=\"lazy\" decoding=\"async\" class=\"alignnone size-medium wp-image-33528\" src=\"https:\/\/www.diasdavilaacontece.com\/wp-content\/uploads\/2022\/01\/c076a499-c29f-400a-8c41-977efb1633bc-300x300.jpg\" alt=\"\" width=\"300\" height=\"300\" srcset=\"https:\/\/www.diasdavilaacontece.com\/wp-content\/uploads\/2022\/01\/c076a499-c29f-400a-8c41-977efb1633bc-300x300.jpg 300w, https:\/\/www.diasdavilaacontece.com\/wp-content\/uploads\/2022\/01\/c076a499-c29f-400a-8c41-977efb1633bc-1024x1024.jpg 1024w, https:\/\/www.diasdavilaacontece.com\/wp-content\/uploads\/2022\/01\/c076a499-c29f-400a-8c41-977efb1633bc-150x150.jpg 150w, https:\/\/www.diasdavilaacontece.com\/wp-content\/uploads\/2022\/01\/c076a499-c29f-400a-8c41-977efb1633bc-768x768.jpg 768w, https:\/\/www.diasdavilaacontece.com\/wp-content\/uploads\/2022\/01\/c076a499-c29f-400a-8c41-977efb1633bc.jpg 1440w\" sizes=\"auto, (max-width: 300px) 100vw, 300px\" \/><\/a><\/p>\n<p>A popula\u00e7\u00e3o espera-se que estas a\u00e7\u00f5es\/opera\u00e7\u00f5es persistam por mais dias.<\/p>\n<h3>Related Images:<\/h3>","protected":false},"excerpt":{"rendered":"<p>Depois da mat\u00e9ria sobre o intenso tiroteio entre gangs no Bairro jardim Petr\u00f3polis &#8211; pr\u00f3ximo&#8230;<\/p>\n","protected":false},"author":1,"featured_media":33528,"comment_status":"closed","ping_status":"open","sticky":false,"template":"","format":"standard","meta":{"sfsi_plus_gutenberg_text_before_share":"","sfsi_plus_gutenberg_show_text_before_share":"","sfsi_plus_gutenberg_icon_type":"","sfsi_plus_gutenberg_icon_alignemt":"","sfsi_plus_gutenburg_max_per_row":"","_exactmetrics_skip_tracking":false,"_exactmetrics_sitenote_active":false,"_exactmetrics_sitenote_note":"","_exactmetrics_sitenote_category":0,"ngg_post_thumbnail":0,"footnotes":""},"categories":[56],"tags":[],"class_list":["post-33527","post","type-post","status-publish","format-standard","has-post-thumbnail","hentry","category-dias-davila"],"_links":{"self":[{"href":"https:\/\/www.diasdavilaacontece.com\/index.php?rest_route=\/wp\/v2\/posts\/33527","targetHints":{"allow":["GET"]}}],"collection":[{"href":"https:\/\/www.diasdavilaacontece.com\/index.php?rest_route=\/wp\/v2\/posts"}],"about":[{"href":"https:\/\/www.diasdavilaacontece.com\/index.php?rest_route=\/wp\/v2\/types\/post"}],"author":[{"embeddable":true,"href":"https:\/\/www.diasdavilaacontece.com\/index.php?rest_route=\/wp\/v2\/users\/1"}],"replies":[{"embeddable":true,"href":"https:\/\/www.diasdavilaacontece.com\/index.php?rest_route=%2Fwp%2Fv2%2Fcomments&post=33527"}],"version-history":[{"count":2,"href":"https:\/\/www.diasdavilaacontece.com\/index.php?rest_route=\/wp\/v2\/posts\/33527\/revisions"}],"predecessor-version":[{"id":33530,"href":"https:\/\/www.diasdavilaacontece.com\/index.php?rest_route=\/wp\/v2\/posts\/33527\/revisions\/33530"}],"wp:featuredmedia":[{"embeddable":true,"href":"https:\/\/www.diasdavilaacontece.com\/index.php?rest_route=\/wp\/v2\/media\/33528"}],"wp:attachment":[{"href":"https:\/\/www.diasdavilaacontece.com\/index.php?rest_route=%2Fwp%2Fv2%2Fmedia&parent=33527"}],"wp:term":[{"taxonomy":"category","embeddable":true,"href":"https:\/\/www.diasdavilaacontece.com\/index.php?rest_route=%2Fwp%2Fv2%2Fcategories&post=33527"},{"taxonomy":"post_tag","embeddable":true,"href":"https:\/\/www.diasdavilaacontece.com\/index.php?rest_route=%2Fwp%2Fv2%2Ftags&post=33527"}],"curies":[{"name":"wp","href":"https:\/\/api.w.org\/{rel}","templated":true}]}}