{"id":33533,"date":"2022-01-22T12:08:23","date_gmt":"2022-01-22T12:08:23","guid":{"rendered":"https:\/\/www.diasdavilaacontece.com\/?p=33533"},"modified":"2022-01-22T12:08:23","modified_gmt":"2022-01-22T12:08:23","slug":"comprovante-de-vacinacao-e-exigido-para-entrar-em-delegacias","status":"publish","type":"post","link":"https:\/\/www.diasdavilaacontece.com\/?p=33533","title":{"rendered":"COMPROVANTE DE VACINA\u00c7\u00c3O \u00c9 EXIGIDO PARA ENTRAR EM DELEGACIAS"},"content":{"rendered":"<p>A Pol\u00edcia Civil da Bahia come\u00e7ou a exigir o comprovante de vacina\u00e7\u00e3o para acesso e atendimentos nas delegacias e demais unidades da institui\u00e7\u00e3o, cumprindo o disposto na portaria n\u00ba 73 de janeiro de 2022, publicada no Di\u00e1rio Oficial do Estado (DOE) da sexta-feira (21), que disp\u00f5e sobre a preven\u00e7\u00e3o e o enfrentamento \u00e0 Covid-19, \u00e0 gripe H2N3 e demais crises sanit\u00e1rias. Para comprovar a vacina\u00e7\u00e3o e ter o acesso autorizado, o cidad\u00e3o dever\u00e1 apresentar a carteira de vacina\u00e7\u00e3o ou o certificado do aplicativo ConecteSUS.&nbsp;<\/p>\n<p>Mas h\u00e1 exce\u00e7\u00f5es. Para os casos de flagrante delito, viol\u00eancia dom\u00e9stica e familiar, viol\u00eancia contra a crian\u00e7a e o adolescente ou qualquer outra situa\u00e7\u00e3o que coloque a pessoa em estado de vulnerabilidade ou risco iminente, fica excepcionalmente autorizada a entrada do cidad\u00e3o sem a necessidade de comprova\u00e7\u00e3o de vacina\u00e7\u00e3o.<\/p>\n<p>Os cidad\u00e3os tamb\u00e9m podem registrar ocorr\u00eancias sem sem sair de casa, por meio da Delegacia Virtual, casos referentes \u00e0 perda e extravio de documentos, furto, estelionato, roubo, acidente de tr\u00e2nsito sem v\u00edtimas, amea\u00e7a, dano, via de fato, perturba\u00e7\u00e3o do sossego, desaparecimento e localiza\u00e7\u00e3o de pessoas, maus-tratos contra animais, viol\u00eancia dom\u00e9stica contra a mulher e racismo.<\/p>\n<h3>Related Images:<\/h3>","protected":false},"excerpt":{"rendered":"<p>A Pol\u00edcia Civil da Bahia come\u00e7ou a exigir o comprovante de vacina\u00e7\u00e3o para acesso e&#8230;<\/p>\n","protected":false},"author":1,"featured_media":33534,"comment_status":"closed","ping_status":"open","sticky":false,"template":"","format":"standard","meta":{"sfsi_plus_gutenberg_text_before_share":"","sfsi_plus_gutenberg_show_text_before_share":"","sfsi_plus_gutenberg_icon_type":"","sfsi_plus_gutenberg_icon_alignemt":"","sfsi_plus_gutenburg_max_per_row":"","_exactmetrics_skip_tracking":false,"_exactmetrics_sitenote_active":false,"_exactmetrics_sitenote_note":"","_exactmetrics_sitenote_category":0,"ngg_post_thumbnail":0,"footnotes":""},"categories":[56],"tags":[],"class_list":["post-33533","post","type-post","status-publish","format-standard","has-post-thumbnail","hentry","category-dias-davila"],"_links":{"self":[{"href":"https:\/\/www.diasdavilaacontece.com\/index.php?rest_route=\/wp\/v2\/posts\/33533","targetHints":{"allow":["GET"]}}],"collection":[{"href":"https:\/\/www.diasdavilaacontece.com\/index.php?rest_route=\/wp\/v2\/posts"}],"about":[{"href":"https:\/\/www.diasdavilaacontece.com\/index.php?rest_route=\/wp\/v2\/types\/post"}],"author":[{"embeddable":true,"href":"https:\/\/www.diasdavilaacontece.com\/index.php?rest_route=\/wp\/v2\/users\/1"}],"replies":[{"embeddable":true,"href":"https:\/\/www.diasdavilaacontece.com\/index.php?rest_route=%2Fwp%2Fv2%2Fcomments&post=33533"}],"version-history":[{"count":1,"href":"https:\/\/www.diasdavilaacontece.com\/index.php?rest_route=\/wp\/v2\/posts\/33533\/revisions"}],"predecessor-version":[{"id":33535,"href":"https:\/\/www.diasdavilaacontece.com\/index.php?rest_route=\/wp\/v2\/posts\/33533\/revisions\/33535"}],"wp:featuredmedia":[{"embeddable":true,"href":"https:\/\/www.diasdavilaacontece.com\/index.php?rest_route=\/wp\/v2\/media\/33534"}],"wp:attachment":[{"href":"https:\/\/www.diasdavilaacontece.com\/index.php?rest_route=%2Fwp%2Fv2%2Fmedia&parent=33533"}],"wp:term":[{"taxonomy":"category","embeddable":true,"href":"https:\/\/www.diasdavilaacontece.com\/index.php?rest_route=%2Fwp%2Fv2%2Fcategories&post=33533"},{"taxonomy":"post_tag","embeddable":true,"href":"https:\/\/www.diasdavilaacontece.com\/index.php?rest_route=%2Fwp%2Fv2%2Ftags&post=33533"}],"curies":[{"name":"wp","href":"https:\/\/api.w.org\/{rel}","templated":true}]}}