{"id":33539,"date":"2022-01-22T13:00:25","date_gmt":"2022-01-22T13:00:25","guid":{"rendered":"https:\/\/www.diasdavilaacontece.com\/?p=33539"},"modified":"2022-01-22T13:00:25","modified_gmt":"2022-01-22T13:00:25","slug":"rio-e-sp-adiam-desfiles-de-carnaval-e-anunciam-data-do-desfile-para-o-dia-21-de-abril","status":"publish","type":"post","link":"https:\/\/www.diasdavilaacontece.com\/?p=33539","title":{"rendered":"RIO E SP ADIAM DESFILES DE CARNAVAL E ANUNCIAM DATA DO DESFILE PARA O DIA 21 DE ABRIL"},"content":{"rendered":"<p>Os desfiles de escolas de samba em S\u00e3o Paulo e no Rio de Janeiro foram adiados para fim de abril, anunciaram nesta sexta-feira (21) os prefeitos Ricardo Nunes (MDB-SP) e Eduardo Paes (PSD-RJ). De acordo com eles, o principal motivo para a nova data do Carnaval \u00e9 a explos\u00e3o recente de casos de Covid-19 e de influenza.<\/p>\n<p>Os desfiles acontecer\u00e3o no feriado de Tiradentes, em 21 de abril. A informa\u00e7\u00e3o foi antecipada pelo jornal O Globo.<\/p>\n<p>Os dois prefeitos participaram de uma reuni\u00e3o virtual ao lado de seus secret\u00e1rios de Sa\u00fade e dos presidentes das Ligas de Escolas de Samba. As duas cidades j\u00e1 haviam cancelado o Carnaval de rua no in\u00edcio de janeiro, tamb\u00e9m por causa do coronav\u00edrus e da gripe.<\/p>\n<p>No \u00faltimo dia 12, o comit\u00ea cient\u00edfico da cidade do Rio de Janeiro se reuniu para debater sobre um poss\u00edvel adiamento do desfile das escolas de samba, mas o colegiado preferiu deixar em aberto uma decis\u00e3o e continuar monitorando o comportamento da \u00f4micron.<\/p>\n<p>O infectologista Roberto Medronho, professor da UFRJ (Universidade Federal do Rio de Janeiro) e membro do comit\u00ea cient\u00edfico do estado, foi um dos que desaconselhou a realiza\u00e7\u00e3o dos desfiles em fevereiro. &#8220;Eu acho que toda e qualquer aglomera\u00e7\u00e3o que seja feita nas pr\u00f3ximas semanas ser\u00e1 motivo de um espalhamento ainda maior da variante \u00f4micron&#8221;, afirmou \u00e0 Folha \u00e0 \u00e9poca.<\/p>\n<p>Nesta quarta (19), a Prefeitura de S\u00e3o Paulo divulgou os protocolos para realiza\u00e7\u00e3o dos desfiles no Carnaval. Segundo o documento, todas as pessoas no Samb\u00f3dromo dever\u00e3o usar m\u00e1scaras de prote\u00e7\u00e3o \u2013tanto quem estiver nas arquibancadas como os componentes das escolas de samba.<\/p>\n<p>Tamb\u00e9m ser\u00e1 obrigat\u00f3ria a apresenta\u00e7\u00e3o de passaporte de vacina contra a Covid-19 com, no m\u00ednimo, duas doses. A exig\u00eancia ser\u00e1 igualmente para p\u00fablico (dever\u00e1 ser pedido na venda on-line dos ingressos) e integrantes das escolas, que ser\u00e3o obrigados a preencher um pr\u00e9-cadastro.<\/p>\n<p>O limite de ocupa\u00e7\u00e3o m\u00e1xima ser\u00e1 de 70% da capacidade de p\u00fablico em todos os setores, incluindo arquibancada, camarotes e pista.<\/p>\n<p>&nbsp;<\/p>\n<p>.<\/p>\n<p>Fonte &#8211; FolhaPress<\/p>\n<h3>Related Images:<\/h3>","protected":false},"excerpt":{"rendered":"<p>Os desfiles de escolas de samba em S\u00e3o Paulo e no Rio de Janeiro foram&#8230;<\/p>\n","protected":false},"author":1,"featured_media":33540,"comment_status":"closed","ping_status":"open","sticky":false,"template":"","format":"standard","meta":{"sfsi_plus_gutenberg_text_before_share":"","sfsi_plus_gutenberg_show_text_before_share":"","sfsi_plus_gutenberg_icon_type":"","sfsi_plus_gutenberg_icon_alignemt":"","sfsi_plus_gutenburg_max_per_row":"","_exactmetrics_skip_tracking":false,"_exactmetrics_sitenote_active":false,"_exactmetrics_sitenote_note":"","_exactmetrics_sitenote_category":0,"ngg_post_thumbnail":0,"footnotes":""},"categories":[5],"tags":[],"class_list":["post-33539","post","type-post","status-publish","format-standard","has-post-thumbnail","hentry","category-destaques"],"_links":{"self":[{"href":"https:\/\/www.diasdavilaacontece.com\/index.php?rest_route=\/wp\/v2\/posts\/33539","targetHints":{"allow":["GET"]}}],"collection":[{"href":"https:\/\/www.diasdavilaacontece.com\/index.php?rest_route=\/wp\/v2\/posts"}],"about":[{"href":"https:\/\/www.diasdavilaacontece.com\/index.php?rest_route=\/wp\/v2\/types\/post"}],"author":[{"embeddable":true,"href":"https:\/\/www.diasdavilaacontece.com\/index.php?rest_route=\/wp\/v2\/users\/1"}],"replies":[{"embeddable":true,"href":"https:\/\/www.diasdavilaacontece.com\/index.php?rest_route=%2Fwp%2Fv2%2Fcomments&post=33539"}],"version-history":[{"count":1,"href":"https:\/\/www.diasdavilaacontece.com\/index.php?rest_route=\/wp\/v2\/posts\/33539\/revisions"}],"predecessor-version":[{"id":33541,"href":"https:\/\/www.diasdavilaacontece.com\/index.php?rest_route=\/wp\/v2\/posts\/33539\/revisions\/33541"}],"wp:featuredmedia":[{"embeddable":true,"href":"https:\/\/www.diasdavilaacontece.com\/index.php?rest_route=\/wp\/v2\/media\/33540"}],"wp:attachment":[{"href":"https:\/\/www.diasdavilaacontece.com\/index.php?rest_route=%2Fwp%2Fv2%2Fmedia&parent=33539"}],"wp:term":[{"taxonomy":"category","embeddable":true,"href":"https:\/\/www.diasdavilaacontece.com\/index.php?rest_route=%2Fwp%2Fv2%2Fcategories&post=33539"},{"taxonomy":"post_tag","embeddable":true,"href":"https:\/\/www.diasdavilaacontece.com\/index.php?rest_route=%2Fwp%2Fv2%2Ftags&post=33539"}],"curies":[{"name":"wp","href":"https:\/\/api.w.org\/{rel}","templated":true}]}}