{"id":33545,"date":"2022-01-23T10:04:52","date_gmt":"2022-01-23T10:04:52","guid":{"rendered":"https:\/\/www.diasdavilaacontece.com\/?p=33545"},"modified":"2022-01-23T10:04:52","modified_gmt":"2022-01-23T10:04:52","slug":"casos-de-covid-crescem-em-cidade-baiana-que-volta-com-toque-de-recolher","status":"publish","type":"post","link":"https:\/\/www.diasdavilaacontece.com\/?p=33545","title":{"rendered":"CASOS DE COVID CRESCEM EM CIDADE BAIANA QUE VOLTA COM &#8220;TOQUE DE RECOLHER&#8221;"},"content":{"rendered":"<p>Depois de registrar em 24 horas 58 casos da Covid-19, a prefeitura da cidade de Barra do Rocha, no Sul do estado, achou por bem decretar a volta do toque de recolher. Agora, o com\u00e9rcio local ficar\u00e1 fechado das 22h \u00e0s 5h at\u00e9 o dia 31 de janeiro.<\/p>\n<p>O decreto foi publicado pelo prefeito e m\u00e9dico Jos\u00e9 Luiz Franco Ramos Costa (PDT) na sexta-feira (21). Os estabelecimentos comerciais e de servi\u00e7os dever\u00e3o encerrar as atividades com at\u00e9 30 minutos de anteced\u00eancia do per\u00edodo estipulado, para garantir o deslocamento dos funcion\u00e1rios e colaboradores \u00e0s resid\u00eancias.<\/p>\n<p>Restaurantes, bares e cong\u00eaneres, n\u00e3o funcionar\u00e3o nos finais de semana. Fica autorizado, em hor\u00e1rio comercial diurno, a circula\u00e7\u00e3o de ambulantes, para comercializa\u00e7\u00e3o de produtos e mercadorias.<\/p>\n<p><strong>Eventos<\/strong><\/p>\n<p>Ficam suspensos, os eventos e atividades com a presen\u00e7a de p\u00fablico superior a 50 pessoas, ainda que previamente autorizados, que envolvam aglomera\u00e7\u00e3o de pessoas, tais como: cerim\u00f4nias de casamento; eventos urbanos e rurais em logradouros p\u00fablicos ou privados; circos; parques de exposi\u00e7\u00f5es; solenidades de formatura; e passeatas.<\/p>\n<p>Al\u00e9m disso, neste per\u00edodo n\u00e3o ser\u00e1 permitida a realiza\u00e7\u00e3o de qualquer evento esportivo, independentemente do n\u00famero de participantes ou espectadores. Os espa\u00e7os culturais, tamb\u00e9m, n\u00e3o funcionar\u00e3o.<\/p>\n<p>Os atos religiosos lit\u00fargicos poder\u00e3o ocorrer, desde que, sejam atendidos os protocolos de sa\u00fade e a limita\u00e7\u00e3o de 50% da capacidade do local.<\/p>\n<p>Fica suspensa a realiza\u00e7\u00e3o de shows, festas, p\u00fablicas ou privadas, e afins, independentemente do n\u00famero de participantes.<\/p>\n<p>O funcionamento de academias e estabelecimentos voltados para a realiza\u00e7\u00e3o de atividades f\u00edsicas, est\u00e3o autorizados, desde que limitada a ocupa\u00e7\u00e3o ao m\u00e1ximo de 50% da capacidade do local, observados os protocolos sanit\u00e1rios estabelecidos.<\/p>\n<p>&nbsp;<\/p>\n<p>.<\/p>\n<p>Fonte &#8211; BNews<\/p>\n<h3>Related Images:<\/h3>","protected":false},"excerpt":{"rendered":"<p>Depois de registrar em 24 horas 58 casos da Covid-19, a prefeitura da cidade de&#8230;<\/p>\n","protected":false},"author":1,"featured_media":33546,"comment_status":"closed","ping_status":"open","sticky":false,"template":"","format":"standard","meta":{"sfsi_plus_gutenberg_text_before_share":"","sfsi_plus_gutenberg_show_text_before_share":"","sfsi_plus_gutenberg_icon_type":"","sfsi_plus_gutenberg_icon_alignemt":"","sfsi_plus_gutenburg_max_per_row":"","_exactmetrics_skip_tracking":false,"_exactmetrics_sitenote_active":false,"_exactmetrics_sitenote_note":"","_exactmetrics_sitenote_category":0,"ngg_post_thumbnail":0,"footnotes":""},"categories":[5],"tags":[],"class_list":["post-33545","post","type-post","status-publish","format-standard","has-post-thumbnail","hentry","category-destaques"],"_links":{"self":[{"href":"https:\/\/www.diasdavilaacontece.com\/index.php?rest_route=\/wp\/v2\/posts\/33545","targetHints":{"allow":["GET"]}}],"collection":[{"href":"https:\/\/www.diasdavilaacontece.com\/index.php?rest_route=\/wp\/v2\/posts"}],"about":[{"href":"https:\/\/www.diasdavilaacontece.com\/index.php?rest_route=\/wp\/v2\/types\/post"}],"author":[{"embeddable":true,"href":"https:\/\/www.diasdavilaacontece.com\/index.php?rest_route=\/wp\/v2\/users\/1"}],"replies":[{"embeddable":true,"href":"https:\/\/www.diasdavilaacontece.com\/index.php?rest_route=%2Fwp%2Fv2%2Fcomments&post=33545"}],"version-history":[{"count":1,"href":"https:\/\/www.diasdavilaacontece.com\/index.php?rest_route=\/wp\/v2\/posts\/33545\/revisions"}],"predecessor-version":[{"id":33547,"href":"https:\/\/www.diasdavilaacontece.com\/index.php?rest_route=\/wp\/v2\/posts\/33545\/revisions\/33547"}],"wp:featuredmedia":[{"embeddable":true,"href":"https:\/\/www.diasdavilaacontece.com\/index.php?rest_route=\/wp\/v2\/media\/33546"}],"wp:attachment":[{"href":"https:\/\/www.diasdavilaacontece.com\/index.php?rest_route=%2Fwp%2Fv2%2Fmedia&parent=33545"}],"wp:term":[{"taxonomy":"category","embeddable":true,"href":"https:\/\/www.diasdavilaacontece.com\/index.php?rest_route=%2Fwp%2Fv2%2Fcategories&post=33545"},{"taxonomy":"post_tag","embeddable":true,"href":"https:\/\/www.diasdavilaacontece.com\/index.php?rest_route=%2Fwp%2Fv2%2Ftags&post=33545"}],"curies":[{"name":"wp","href":"https:\/\/api.w.org\/{rel}","templated":true}]}}