{"id":33552,"date":"2022-01-26T10:15:36","date_gmt":"2022-01-26T10:15:36","guid":{"rendered":"https:\/\/www.diasdavilaacontece.com\/?p=33552"},"modified":"2022-01-26T10:15:36","modified_gmt":"2022-01-26T10:15:36","slug":"quase-1-milhao-de-familias-na-bahia-sao-chefiadas-por-mulheres-que-criam-filhos-sozinhas","status":"publish","type":"post","link":"https:\/\/www.diasdavilaacontece.com\/?p=33552","title":{"rendered":"QUASE 1 MILH\u00c3O DE FAM\u00cdLIAS NA BAHIA S\u00c3O CHEFIADAS POR MULHERES QUE CRIAM FILHOS SOZINHAS"},"content":{"rendered":"<p>A Bahia tem 960.763 fam\u00edlias monoparentais femininas. Ou seja: n\u00facleos familiares chefiados por mulheres que criam seus filhos ou filhas sozinhas. Os dados est\u00e3o na terceira edi\u00e7\u00e3o da publica\u00e7\u00e3o Recortes Sociais, lan\u00e7ada na tarde desta ter\u00e7a-feira (25), pela Superintend\u00eancia de Estudos Econ\u00f4micos e Sociais da Bahia (SEI) e Secretaria de Pol\u00edticas para as Mulheres da Bahia (SPM) em transmiss\u00e3o ao vivo pelo Youtube.<\/p>\n<p>A maioria dessas fam\u00edlias monoparentais femininas vive em \u00e1reas urbanas (73,4%) e \u00e9 formada por mulheres que se autodeclararam negras (89,4%). Salvador e Regi\u00e3o Metropolitana concentram o maior percentual do estado (20,2%), seguido pelo territ\u00f3rio Portal do Sert\u00e3o, com destaque para o munic\u00edpio de Feira de Santana (4,4%).<\/p>\n<p>Ainda segundo o estudo, 75,1% das mulheres t\u00eam entre 25 e 49 anos, 55,3% cursaram at\u00e9 o ensino fundamental completo e 74,5% vivem em situa\u00e7\u00e3o de extrema pobreza com renda per capita mensal de at\u00e9 R$ 89,00. A maioria (69,6%) declara ter alguma ocupa\u00e7\u00e3o fora dos lares ou trabalha por conta pr\u00f3pria.<\/p>\n<p>De acordo com a titular da SPM, Julieta Palmeira, os dados apresentados corroboram a intersec\u00e7\u00e3o entre a domina\u00e7\u00e3o patriarcal, o racismo estrutural e a desigualdade social. \u201cS\u00e3o fatores constitutivos dessa vulnerabilidade, desse tipo de arranjo familiar. Acredito muito na ci\u00eancia para subsidiar as pol\u00edticas p\u00fablicas e apontar perspectivas de mudarmos realidades t\u00e3o adversas\u201d, disse.<\/p>\n<p>\u201cA formula\u00e7\u00e3o de pol\u00edticas p\u00fablicas a partir de dados, de estudos consolidados nos permite ter um conhecimento mais s\u00f3lido e consequentemente mais efici\u00eancia nas a\u00e7\u00f5es. \u00c9 uma satisfa\u00e7\u00e3o imensa quando a gente alcan\u00e7a esse resultado\u201d, comentou a superintendente da SEI, Jorgete Costa.<\/p>\n<p>&nbsp;<\/p>\n<p>.<\/p>\n<p>Fonte &#8211; Bahia Not\u00edcias &#8211; Foto &#8211; Pixabay<\/p>\n<h3>Related Images:<\/h3>","protected":false},"excerpt":{"rendered":"<p>A Bahia tem 960.763 fam\u00edlias monoparentais femininas. Ou seja: n\u00facleos familiares chefiados por mulheres que&#8230;<\/p>\n","protected":false},"author":1,"featured_media":33553,"comment_status":"closed","ping_status":"open","sticky":false,"template":"","format":"standard","meta":{"sfsi_plus_gutenberg_text_before_share":"","sfsi_plus_gutenberg_show_text_before_share":"","sfsi_plus_gutenberg_icon_type":"","sfsi_plus_gutenberg_icon_alignemt":"","sfsi_plus_gutenburg_max_per_row":"","_exactmetrics_skip_tracking":false,"_exactmetrics_sitenote_active":false,"_exactmetrics_sitenote_note":"","_exactmetrics_sitenote_category":0,"ngg_post_thumbnail":0,"footnotes":""},"categories":[5],"tags":[],"class_list":["post-33552","post","type-post","status-publish","format-standard","has-post-thumbnail","hentry","category-destaques"],"_links":{"self":[{"href":"https:\/\/www.diasdavilaacontece.com\/index.php?rest_route=\/wp\/v2\/posts\/33552","targetHints":{"allow":["GET"]}}],"collection":[{"href":"https:\/\/www.diasdavilaacontece.com\/index.php?rest_route=\/wp\/v2\/posts"}],"about":[{"href":"https:\/\/www.diasdavilaacontece.com\/index.php?rest_route=\/wp\/v2\/types\/post"}],"author":[{"embeddable":true,"href":"https:\/\/www.diasdavilaacontece.com\/index.php?rest_route=\/wp\/v2\/users\/1"}],"replies":[{"embeddable":true,"href":"https:\/\/www.diasdavilaacontece.com\/index.php?rest_route=%2Fwp%2Fv2%2Fcomments&post=33552"}],"version-history":[{"count":1,"href":"https:\/\/www.diasdavilaacontece.com\/index.php?rest_route=\/wp\/v2\/posts\/33552\/revisions"}],"predecessor-version":[{"id":33554,"href":"https:\/\/www.diasdavilaacontece.com\/index.php?rest_route=\/wp\/v2\/posts\/33552\/revisions\/33554"}],"wp:featuredmedia":[{"embeddable":true,"href":"https:\/\/www.diasdavilaacontece.com\/index.php?rest_route=\/wp\/v2\/media\/33553"}],"wp:attachment":[{"href":"https:\/\/www.diasdavilaacontece.com\/index.php?rest_route=%2Fwp%2Fv2%2Fmedia&parent=33552"}],"wp:term":[{"taxonomy":"category","embeddable":true,"href":"https:\/\/www.diasdavilaacontece.com\/index.php?rest_route=%2Fwp%2Fv2%2Fcategories&post=33552"},{"taxonomy":"post_tag","embeddable":true,"href":"https:\/\/www.diasdavilaacontece.com\/index.php?rest_route=%2Fwp%2Fv2%2Ftags&post=33552"}],"curies":[{"name":"wp","href":"https:\/\/api.w.org\/{rel}","templated":true}]}}