{"id":33555,"date":"2022-01-27T09:57:41","date_gmt":"2022-01-27T09:57:41","guid":{"rendered":"https:\/\/www.diasdavilaacontece.com\/?p=33555"},"modified":"2022-01-27T09:57:41","modified_gmt":"2022-01-27T09:57:41","slug":"a-diferenca-nos-sintomas-da-omicron-entre-vacinados-e-nao-vacinados","status":"publish","type":"post","link":"https:\/\/www.diasdavilaacontece.com\/?p=33555","title":{"rendered":"A DIFEREN\u00c7A NOS SINTOMAS DA \u00d4MICRON ENTRE VACINADOS E N\u00c3O VACINADOS"},"content":{"rendered":"<p>A&nbsp;<a tabindex=\"0\" href=\"https:\/\/catracalivre.com.br\/saude-bem-estar\/nova-versao-omicron-40-paises\/\" target=\"_blank\" rel=\"noopener\" data-id=\"108\" data-m=\"{&quot;i&quot;:108,&quot;p&quot;:105,&quot;n&quot;:&quot;partnerLink&quot;,&quot;y&quot;:24,&quot;o&quot;:3}\">variante<\/a>&nbsp;\u00d4micron continua a espalhar pelo mundo, atingindo tanto pessoas n\u00e3o vacinadas quanto vacinadas. Mas os sintomas da nova cepa do&nbsp;<a tabindex=\"0\" href=\"https:\/\/catracalivre.com.br\/tag\/coronavirus\/\" target=\"_blank\" rel=\"noopener\" data-id=\"109\" data-m=\"{&quot;i&quot;:109,&quot;p&quot;:105,&quot;n&quot;:&quot;partnerLink&quot;,&quot;y&quot;:24,&quot;o&quot;:4}\">coronav\u00edrus<\/a>&nbsp;podem n\u00e3o ser sempre os mesmos para todo mundo.<\/p>\n<p>Ao jornal New York Times, a Dra. Maya N. Clark-Cutaia, professora da Faculdade de Enfermagem Meyers da Universidade de Nova York, disse que pessoas vacinadas est\u00e3o relatando&nbsp;<a tabindex=\"0\" href=\"https:\/\/catracalivre.com.br\/saude-bem-estar\/conheca-os-tipos-de-dor-de-cabeca-e-saiba-se-voce-tem-algum-deles-saiba-como-tratar\/\" target=\"_blank\" rel=\"noopener\" data-id=\"110\" data-m=\"{&quot;i&quot;:110,&quot;p&quot;:105,&quot;n&quot;:&quot;partnerLink&quot;,&quot;y&quot;:24,&quot;o&quot;:5}\">dores de cabe\u00e7a<\/a>, dores no corpo e febre quando infectadas pela \u00d4micron.<\/p>\n<p>J\u00e1 pacientes n\u00e3o vacinados relatam com mais frequ\u00eancia tosse, falta de ar e sintomas semelhantes aos da gripe.<\/p>\n<p>A maior diferen\u00e7a entre o grupo dos vacinados e dos n\u00e3o vacinados, no entanto, n\u00e3o est\u00e1 nos tipos de sintomas, mas sim na gravidade dos mesmos, de acordo com o Dr. Peter Chin-Hong , especialista em doen\u00e7as infecciosas da Universidade da Calif\u00f3rnia, em S\u00e3o Francisco.<\/p>\n<div class=\"wp-caption alignnone\">&nbsp;<\/div>\n<p>\u201cH\u00e1 poucos dados sistem\u00e1ticos at\u00e9 agora, mas espero que muitas pessoas vacinadas e especialmente com dose de refor\u00e7o estejam experimentando sintomas muito leves e h\u00e1 uma propor\u00e7\u00e3o maior de pessoas vacinadas que n\u00e3o apresentam sintomas\u201d, disse ele.<\/p>\n<p>As pessoas vacinadas tamb\u00e9m costumam apresentar sintomas da variante \u00d4micron por um per\u00edodo menor de tempo.<\/p>\n<p>Segundo Chin-Hong, aquelas que est\u00e3o totalmente vacinadas ter\u00e3o sintomas por um ou dois dias, enquanto as n\u00e3o vacinadas ter\u00e3o sintomas por cinco ou mais dias.<\/p>\n<h3>Vacinas salvam vidas<\/h3>\n<p>\u00c9 por isso que completar o esquema vacinal com duas doses e o refor\u00e7o \u00e9 t\u00e3o importante, j\u00e1 que quadros menos graves evitam superlota\u00e7\u00e3o de hospitais e reduzem o risco de morte.<\/p>\n<p>Se j\u00e1 chegou a sua vez de tomar o refor\u00e7o, procure um posto de vacina\u00e7\u00e3o. Estudos observaram uma queda de n\u00edvel dos anticorpos alguns meses ap\u00f3s as duas primeiras doses.<\/p>\n<p>J\u00e1 com a terceira aplica\u00e7\u00e3o da vacina, o corpo ganha uma dose extra de anticorpos circulantes, o que ir\u00e1 reduzir a chance de infec\u00e7\u00e3o pela \u00d4micron ou qualquer outra variante.<\/p>\n<p>&nbsp;<\/p>\n<p>.<\/p>\n<p>Fonte &#8211; Catraca Livre<\/p>\n<h3>Related Images:<\/h3>","protected":false},"excerpt":{"rendered":"<p>A&nbsp;variante&nbsp;\u00d4micron continua a espalhar pelo mundo, atingindo tanto pessoas n\u00e3o vacinadas quanto vacinadas. Mas os&#8230;<\/p>\n","protected":false},"author":1,"featured_media":33556,"comment_status":"closed","ping_status":"open","sticky":false,"template":"","format":"standard","meta":{"sfsi_plus_gutenberg_text_before_share":"","sfsi_plus_gutenberg_show_text_before_share":"","sfsi_plus_gutenberg_icon_type":"","sfsi_plus_gutenberg_icon_alignemt":"","sfsi_plus_gutenburg_max_per_row":"","_exactmetrics_skip_tracking":false,"_exactmetrics_sitenote_active":false,"_exactmetrics_sitenote_note":"","_exactmetrics_sitenote_category":0,"ngg_post_thumbnail":0,"footnotes":""},"categories":[5],"tags":[],"class_list":["post-33555","post","type-post","status-publish","format-standard","has-post-thumbnail","hentry","category-destaques"],"_links":{"self":[{"href":"https:\/\/www.diasdavilaacontece.com\/index.php?rest_route=\/wp\/v2\/posts\/33555","targetHints":{"allow":["GET"]}}],"collection":[{"href":"https:\/\/www.diasdavilaacontece.com\/index.php?rest_route=\/wp\/v2\/posts"}],"about":[{"href":"https:\/\/www.diasdavilaacontece.com\/index.php?rest_route=\/wp\/v2\/types\/post"}],"author":[{"embeddable":true,"href":"https:\/\/www.diasdavilaacontece.com\/index.php?rest_route=\/wp\/v2\/users\/1"}],"replies":[{"embeddable":true,"href":"https:\/\/www.diasdavilaacontece.com\/index.php?rest_route=%2Fwp%2Fv2%2Fcomments&post=33555"}],"version-history":[{"count":1,"href":"https:\/\/www.diasdavilaacontece.com\/index.php?rest_route=\/wp\/v2\/posts\/33555\/revisions"}],"predecessor-version":[{"id":33557,"href":"https:\/\/www.diasdavilaacontece.com\/index.php?rest_route=\/wp\/v2\/posts\/33555\/revisions\/33557"}],"wp:featuredmedia":[{"embeddable":true,"href":"https:\/\/www.diasdavilaacontece.com\/index.php?rest_route=\/wp\/v2\/media\/33556"}],"wp:attachment":[{"href":"https:\/\/www.diasdavilaacontece.com\/index.php?rest_route=%2Fwp%2Fv2%2Fmedia&parent=33555"}],"wp:term":[{"taxonomy":"category","embeddable":true,"href":"https:\/\/www.diasdavilaacontece.com\/index.php?rest_route=%2Fwp%2Fv2%2Fcategories&post=33555"},{"taxonomy":"post_tag","embeddable":true,"href":"https:\/\/www.diasdavilaacontece.com\/index.php?rest_route=%2Fwp%2Fv2%2Ftags&post=33555"}],"curies":[{"name":"wp","href":"https:\/\/api.w.org\/{rel}","templated":true}]}}