{"id":33558,"date":"2022-01-27T10:06:06","date_gmt":"2022-01-27T10:06:06","guid":{"rendered":"https:\/\/www.diasdavilaacontece.com\/?p=33558"},"modified":"2022-01-27T10:06:06","modified_gmt":"2022-01-27T10:06:06","slug":"idosos-poderao-ter-de-tomar-a-4a-dose","status":"publish","type":"post","link":"https:\/\/www.diasdavilaacontece.com\/?p=33558","title":{"rendered":"IDOSOS PODER\u00c3O TER DE TOMAR A 4\u00aa DOSE"},"content":{"rendered":"<p>A aplica\u00e7\u00e3o da quarta dose da vacina contra a Covid-19, come\u00e7a a ser debatida no Brasil esta semana, de acordo com o jornal O Globo. Membros da C\u00e2mara T\u00e9cnica de Assessoramento em Imuniza\u00e7\u00e3o da Covid-19 (Ctai), criada para avaliar medidas de combate \u00e0 pandemia no \u00e2mbito do Minist\u00e9rio da Sa\u00fade, v\u00e3o discutir sobre uma poss\u00edvel nova etapa de imuniza\u00e7\u00e3o, de acordo com a publica\u00e7\u00e3o.<\/p>\n<p>A medida j\u00e1 \u00e9 adotada por Chile e Israel, onde a quarta dose \u00e9 aplicada em maiores de 60 anos e outros grupos de risco. Um painel consultivo do Minist\u00e9rio da Sa\u00fade israelense recomendou incluir nesse novo esfor\u00e7o todos os adultos, cinco meses ap\u00f3s a terceira dose.&nbsp;<\/p>\n<p>Desde o final de dezembro de 2021, uma nota t\u00e9cnica do minist\u00e9rio recomenda a quarta dose no Brasil apenas para pessoas imunossuprimidas, quatro meses ap\u00f3s o refor\u00e7o.&nbsp;<\/p>\n<p>De acordo com O Globo, o infectologista Renato Kfouri, diretor da Sociedade Brasileira de Imuniza\u00e7\u00f5es (SBIm), um dos integrantes da c\u00e2mara t\u00e9cnica, diz que o grupo vai avaliar a necessidade e o intervalo dessa dose adicional para idosos e profissionais de sa\u00fade no pa\u00eds.<\/p>\n<p>Outros pa\u00edses, como Alemanha e Estados Unidos, atualmente discutem a possibilidade dessa aplica\u00e7\u00e3o diante do aumento de casos da \u00d4micron.<\/p>\n<p>At\u00e9 o momento, n\u00e3o h\u00e1 estudos conclusivos sobre o assunto, que indiquem queda na prote\u00e7\u00e3o ap\u00f3s o refor\u00e7o ou em que momento isso aconteceria.&nbsp;<\/p>\n<h3>Related Images:<\/h3>","protected":false},"excerpt":{"rendered":"<p>A aplica\u00e7\u00e3o da quarta dose da vacina contra a Covid-19, come\u00e7a a ser debatida no&#8230;<\/p>\n","protected":false},"author":1,"featured_media":33559,"comment_status":"closed","ping_status":"open","sticky":false,"template":"","format":"standard","meta":{"sfsi_plus_gutenberg_text_before_share":"","sfsi_plus_gutenberg_show_text_before_share":"","sfsi_plus_gutenberg_icon_type":"","sfsi_plus_gutenberg_icon_alignemt":"","sfsi_plus_gutenburg_max_per_row":"","_exactmetrics_skip_tracking":false,"_exactmetrics_sitenote_active":false,"_exactmetrics_sitenote_note":"","_exactmetrics_sitenote_category":0,"ngg_post_thumbnail":0,"footnotes":""},"categories":[5],"tags":[],"class_list":["post-33558","post","type-post","status-publish","format-standard","has-post-thumbnail","hentry","category-destaques"],"_links":{"self":[{"href":"https:\/\/www.diasdavilaacontece.com\/index.php?rest_route=\/wp\/v2\/posts\/33558","targetHints":{"allow":["GET"]}}],"collection":[{"href":"https:\/\/www.diasdavilaacontece.com\/index.php?rest_route=\/wp\/v2\/posts"}],"about":[{"href":"https:\/\/www.diasdavilaacontece.com\/index.php?rest_route=\/wp\/v2\/types\/post"}],"author":[{"embeddable":true,"href":"https:\/\/www.diasdavilaacontece.com\/index.php?rest_route=\/wp\/v2\/users\/1"}],"replies":[{"embeddable":true,"href":"https:\/\/www.diasdavilaacontece.com\/index.php?rest_route=%2Fwp%2Fv2%2Fcomments&post=33558"}],"version-history":[{"count":1,"href":"https:\/\/www.diasdavilaacontece.com\/index.php?rest_route=\/wp\/v2\/posts\/33558\/revisions"}],"predecessor-version":[{"id":33560,"href":"https:\/\/www.diasdavilaacontece.com\/index.php?rest_route=\/wp\/v2\/posts\/33558\/revisions\/33560"}],"wp:featuredmedia":[{"embeddable":true,"href":"https:\/\/www.diasdavilaacontece.com\/index.php?rest_route=\/wp\/v2\/media\/33559"}],"wp:attachment":[{"href":"https:\/\/www.diasdavilaacontece.com\/index.php?rest_route=%2Fwp%2Fv2%2Fmedia&parent=33558"}],"wp:term":[{"taxonomy":"category","embeddable":true,"href":"https:\/\/www.diasdavilaacontece.com\/index.php?rest_route=%2Fwp%2Fv2%2Fcategories&post=33558"},{"taxonomy":"post_tag","embeddable":true,"href":"https:\/\/www.diasdavilaacontece.com\/index.php?rest_route=%2Fwp%2Fv2%2Ftags&post=33558"}],"curies":[{"name":"wp","href":"https:\/\/api.w.org\/{rel}","templated":true}]}}