{"id":33561,"date":"2022-01-27T10:15:55","date_gmt":"2022-01-27T10:15:55","guid":{"rendered":"https:\/\/www.diasdavilaacontece.com\/?p=33561"},"modified":"2022-01-27T10:15:55","modified_gmt":"2022-01-27T10:15:55","slug":"dias-davila-comunica-o-recadastramento-para-estudantes-que-precisam-do-auxilio-transporte-universitario","status":"publish","type":"post","link":"https:\/\/www.diasdavilaacontece.com\/?p=33561","title":{"rendered":"DIAS D&#8217;\u00c1VILA COMUNICA O RECADASTRAMENTO PARA ESTUDANTES QUE PRECISAM DO AUX\u00cdLIO &#8220;TRANSPORTE UNIVERSIT\u00c1RIO&#8221;"},"content":{"rendered":"<p>A Prefeitura de Dias d\u2019\u00c1vila convoca os estudantes j\u00e1 beneficiados com o Aux\u00edlio Transporte Universit\u00e1rio para efetuarem o RECADASTRAMENTO 2022.1.<\/p>\n<p>O programa, regulamentado pela lei municipal n\u00ba 389\/2013, concede ajuda financeira para estudantes que cumpram, obrigatoriamente, os seguintes requisitos:<\/p>\n<p>&#8211; Residir no munic\u00edpio de Dias d\u2019\u00c1vila por, no m\u00ednimo, 02 (dois) anos;<br \/>\n&#8211; Estar regularmente matriculado e frequentando Curso de Gradua\u00e7\u00e3o Superior (com dura\u00e7\u00e3o de pelo menos 1 ano) em outro munic\u00edpio.<\/p>\n<p>O recadastramento ocorrer\u00e1 entre os dias 26\/01 a 04 de Fevereiro na Secretaria de Desenvolvimento e Prote\u00e7\u00e3o Social (SEDES).<\/p>\n<p>A fim de evitar aglomera\u00e7\u00f5es, ser\u00e3o distribu\u00eddas 15 senhas para atendimento pela manh\u00e3 e 15 para atendimento durante a tarde, totalizando 30 senhas\/dia.<\/p>\n<p>Hor\u00e1rio de funcionamento:<br \/>\nSegunda a sexta-feira: das 08:00h \u00e0s 12:00h | das 13:00h \u00e0s 16:00h<\/p>\n<p>Para os alunos impossibilitados de comparecem durante os dias \u00fateis, haver\u00e1 um plant\u00e3o de atendimento no dia 29 de janeiro (s\u00e1bado), das 09:00h \u00e0s 13:00h.<\/p>\n<p>O edital, a rela\u00e7\u00e3o de documentos e o formul\u00e1rio para inscri\u00e7\u00e3o est\u00e3o dispon\u00edveis no site da prefeitura<\/p>\n<h3>Related Images:<\/h3>","protected":false},"excerpt":{"rendered":"<p>A Prefeitura de Dias d\u2019\u00c1vila convoca os estudantes j\u00e1 beneficiados com o Aux\u00edlio Transporte Universit\u00e1rio&#8230;<\/p>\n","protected":false},"author":1,"featured_media":33562,"comment_status":"closed","ping_status":"open","sticky":false,"template":"","format":"standard","meta":{"sfsi_plus_gutenberg_text_before_share":"","sfsi_plus_gutenberg_show_text_before_share":"","sfsi_plus_gutenberg_icon_type":"","sfsi_plus_gutenberg_icon_alignemt":"","sfsi_plus_gutenburg_max_per_row":"","_exactmetrics_skip_tracking":false,"_exactmetrics_sitenote_active":false,"_exactmetrics_sitenote_note":"","_exactmetrics_sitenote_category":0,"ngg_post_thumbnail":0,"footnotes":""},"categories":[56],"tags":[],"class_list":["post-33561","post","type-post","status-publish","format-standard","has-post-thumbnail","hentry","category-dias-davila"],"_links":{"self":[{"href":"https:\/\/www.diasdavilaacontece.com\/index.php?rest_route=\/wp\/v2\/posts\/33561","targetHints":{"allow":["GET"]}}],"collection":[{"href":"https:\/\/www.diasdavilaacontece.com\/index.php?rest_route=\/wp\/v2\/posts"}],"about":[{"href":"https:\/\/www.diasdavilaacontece.com\/index.php?rest_route=\/wp\/v2\/types\/post"}],"author":[{"embeddable":true,"href":"https:\/\/www.diasdavilaacontece.com\/index.php?rest_route=\/wp\/v2\/users\/1"}],"replies":[{"embeddable":true,"href":"https:\/\/www.diasdavilaacontece.com\/index.php?rest_route=%2Fwp%2Fv2%2Fcomments&post=33561"}],"version-history":[{"count":1,"href":"https:\/\/www.diasdavilaacontece.com\/index.php?rest_route=\/wp\/v2\/posts\/33561\/revisions"}],"predecessor-version":[{"id":33563,"href":"https:\/\/www.diasdavilaacontece.com\/index.php?rest_route=\/wp\/v2\/posts\/33561\/revisions\/33563"}],"wp:featuredmedia":[{"embeddable":true,"href":"https:\/\/www.diasdavilaacontece.com\/index.php?rest_route=\/wp\/v2\/media\/33562"}],"wp:attachment":[{"href":"https:\/\/www.diasdavilaacontece.com\/index.php?rest_route=%2Fwp%2Fv2%2Fmedia&parent=33561"}],"wp:term":[{"taxonomy":"category","embeddable":true,"href":"https:\/\/www.diasdavilaacontece.com\/index.php?rest_route=%2Fwp%2Fv2%2Fcategories&post=33561"},{"taxonomy":"post_tag","embeddable":true,"href":"https:\/\/www.diasdavilaacontece.com\/index.php?rest_route=%2Fwp%2Fv2%2Ftags&post=33561"}],"curies":[{"name":"wp","href":"https:\/\/api.w.org\/{rel}","templated":true}]}}