{"id":33564,"date":"2022-01-27T10:47:45","date_gmt":"2022-01-27T10:47:45","guid":{"rendered":"https:\/\/www.diasdavilaacontece.com\/?p=33564"},"modified":"2022-01-27T10:47:45","modified_gmt":"2022-01-27T10:47:45","slug":"prefeitura-de-dias-davila-divulga-vacinometro-com-numeros-de-vacinados","status":"publish","type":"post","link":"https:\/\/www.diasdavilaacontece.com\/?p=33564","title":{"rendered":"PREFEITURA DE DIAS D&#8217;\u00c1VILA DIVULGA VACIN\u00d4METRO COM N\u00daMEROS DE VACINADOS"},"content":{"rendered":"<p>A Prefeitura de Dias d\u2019\u00c1vila divulgou na quarta-feira (26) o vacin\u00f4metro de Dias d\u2019\u00c1vila e nele consta que a 85% da popula\u00e7\u00e3o adulta acima de 18 anos j\u00e1 foi vacinada, perfazendo um total de 49.561 pessoas.<\/p>\n<p>J\u00e1 para os adultos vacinados com a primeira e segunda dose, o vacin\u00f4metro acusa que 72% dos adultos, com um n\u00famero de 42.159 pessoas j\u00e1 foram vacinadas.<\/p>\n<p>J\u00e1 na faixa dos adolescentes de 12 \u00e0 17 anos, segundo o documento, 77% da popula\u00e7\u00e3o dos jovens da cidade j\u00e1 foram vacinados, perfazendo um n\u00famero de 6.086 pessoas.<\/p>\n<p>Na recente vacina\u00e7\u00e3o de crian\u00e7as de 5 \u00e0 11 anos, 948 crian\u00e7as foram vacinadas, perfazendo 10% do percentual.<\/p>\n<p>Ao todo, a Prefeitura divulga que foram vacinadas na 1\u00aa Dose 52,595 pessoas, na segunda dose 47.352 pessoas e na terceira dose 11.733.<\/p>\n<p><a href=\"https:\/\/www.diasdavilaacontece.com\/wp-content\/uploads\/2022\/01\/a7fdc6db-c0da-4585-aa29-cbbfbb747ac0.jpg\"><img loading=\"lazy\" decoding=\"async\" class=\"alignnone size-medium wp-image-33566\" src=\"https:\/\/www.diasdavilaacontece.com\/wp-content\/uploads\/2022\/01\/a7fdc6db-c0da-4585-aa29-cbbfbb747ac0-240x300.jpg\" alt=\"\" width=\"240\" height=\"300\" srcset=\"https:\/\/www.diasdavilaacontece.com\/wp-content\/uploads\/2022\/01\/a7fdc6db-c0da-4585-aa29-cbbfbb747ac0-240x300.jpg 240w, https:\/\/www.diasdavilaacontece.com\/wp-content\/uploads\/2022\/01\/a7fdc6db-c0da-4585-aa29-cbbfbb747ac0-819x1024.jpg 819w, https:\/\/www.diasdavilaacontece.com\/wp-content\/uploads\/2022\/01\/a7fdc6db-c0da-4585-aa29-cbbfbb747ac0-768x960.jpg 768w, https:\/\/www.diasdavilaacontece.com\/wp-content\/uploads\/2022\/01\/a7fdc6db-c0da-4585-aa29-cbbfbb747ac0.jpg 1024w\" sizes=\"auto, (max-width: 240px) 100vw, 240px\" \/><\/a><\/p>\n<h3>Related Images:<\/h3>","protected":false},"excerpt":{"rendered":"<p>A Prefeitura de Dias d\u2019\u00c1vila divulgou na quarta-feira (26) o vacin\u00f4metro de Dias d\u2019\u00c1vila e&#8230;<\/p>\n","protected":false},"author":1,"featured_media":33565,"comment_status":"closed","ping_status":"open","sticky":false,"template":"","format":"standard","meta":{"sfsi_plus_gutenberg_text_before_share":"","sfsi_plus_gutenberg_show_text_before_share":"","sfsi_plus_gutenberg_icon_type":"","sfsi_plus_gutenberg_icon_alignemt":"","sfsi_plus_gutenburg_max_per_row":"","_exactmetrics_skip_tracking":false,"_exactmetrics_sitenote_active":false,"_exactmetrics_sitenote_note":"","_exactmetrics_sitenote_category":0,"ngg_post_thumbnail":0,"footnotes":""},"categories":[56],"tags":[],"class_list":["post-33564","post","type-post","status-publish","format-standard","has-post-thumbnail","hentry","category-dias-davila"],"_links":{"self":[{"href":"https:\/\/www.diasdavilaacontece.com\/index.php?rest_route=\/wp\/v2\/posts\/33564","targetHints":{"allow":["GET"]}}],"collection":[{"href":"https:\/\/www.diasdavilaacontece.com\/index.php?rest_route=\/wp\/v2\/posts"}],"about":[{"href":"https:\/\/www.diasdavilaacontece.com\/index.php?rest_route=\/wp\/v2\/types\/post"}],"author":[{"embeddable":true,"href":"https:\/\/www.diasdavilaacontece.com\/index.php?rest_route=\/wp\/v2\/users\/1"}],"replies":[{"embeddable":true,"href":"https:\/\/www.diasdavilaacontece.com\/index.php?rest_route=%2Fwp%2Fv2%2Fcomments&post=33564"}],"version-history":[{"count":1,"href":"https:\/\/www.diasdavilaacontece.com\/index.php?rest_route=\/wp\/v2\/posts\/33564\/revisions"}],"predecessor-version":[{"id":33567,"href":"https:\/\/www.diasdavilaacontece.com\/index.php?rest_route=\/wp\/v2\/posts\/33564\/revisions\/33567"}],"wp:featuredmedia":[{"embeddable":true,"href":"https:\/\/www.diasdavilaacontece.com\/index.php?rest_route=\/wp\/v2\/media\/33565"}],"wp:attachment":[{"href":"https:\/\/www.diasdavilaacontece.com\/index.php?rest_route=%2Fwp%2Fv2%2Fmedia&parent=33564"}],"wp:term":[{"taxonomy":"category","embeddable":true,"href":"https:\/\/www.diasdavilaacontece.com\/index.php?rest_route=%2Fwp%2Fv2%2Fcategories&post=33564"},{"taxonomy":"post_tag","embeddable":true,"href":"https:\/\/www.diasdavilaacontece.com\/index.php?rest_route=%2Fwp%2Fv2%2Ftags&post=33564"}],"curies":[{"name":"wp","href":"https:\/\/api.w.org\/{rel}","templated":true}]}}