{"id":33568,"date":"2022-01-27T16:15:25","date_gmt":"2022-01-27T16:15:25","guid":{"rendered":"https:\/\/www.diasdavilaacontece.com\/?p=33568"},"modified":"2022-01-27T16:15:25","modified_gmt":"2022-01-27T16:15:25","slug":"governador-da-bahia-afirma-que-carnaval-nao-e-feriado-tera-expediente-normal-e-descarta-folga","status":"publish","type":"post","link":"https:\/\/www.diasdavilaacontece.com\/?p=33568","title":{"rendered":"GOVERNADOR DA BAHIA AFIRMA QUE CARNAVAL N\u00c3O \u00c9 FERIADO, TER\u00c1 EXPEDIENTE NORMAL E DESCARTA FOLGA"},"content":{"rendered":"<p>Os dias de Carnaval n\u00e3o ser\u00e1 de folga na Bahia, disse o Governador Rui Costa em coletiva nesta quinta-feira (27), durante a entrega de 15 ambul\u00e2ncias no Centro Administrativo da Bahia. O governador afirmou que n\u00e3o h\u00e1 mudan\u00e7as para fazer sobre os &#8220;feriados&#8221; da folia momesca, por eles n\u00e3o serem considerados feriados de forma legal.<\/p>\n<p>&#8220;Sei que historicamente, conceitualmente, a gente trata como feriado, mas legalmente n\u00e3o est\u00e1 l\u00e1 o dia do Carnaval como feriado, ent\u00e3o n\u00e3o tem como mudar algo que n\u00e3o est\u00e1 oficialmente legalizado&#8221;.<\/p>\n<p>Devido a isto, o gestor estadual afirma que ser\u00e1 mantido o expediente normal entre os dias 24 de fevereiro e 1 de mar\u00e7o.<\/p>\n<p>&#8220;N\u00f3s n\u00e3o vamos tomar nenhuma medida em rela\u00e7\u00e3o a isso. Ter\u00e1 expediente normal no servi\u00e7o p\u00fablico, e acredito que nos munic\u00edpios tamb\u00e9m. Nossa sugest\u00e3o \u00e9 de que tenha expediente normal nesse per\u00edodo&#8221;.<\/p>\n<h3>Related Images:<\/h3>","protected":false},"excerpt":{"rendered":"<p>Os dias de Carnaval n\u00e3o ser\u00e1 de folga na Bahia, disse o Governador Rui Costa&#8230;<\/p>\n","protected":false},"author":1,"featured_media":33569,"comment_status":"closed","ping_status":"open","sticky":false,"template":"","format":"standard","meta":{"sfsi_plus_gutenberg_text_before_share":"","sfsi_plus_gutenberg_show_text_before_share":"","sfsi_plus_gutenberg_icon_type":"","sfsi_plus_gutenberg_icon_alignemt":"","sfsi_plus_gutenburg_max_per_row":"","_exactmetrics_skip_tracking":false,"_exactmetrics_sitenote_active":false,"_exactmetrics_sitenote_note":"","_exactmetrics_sitenote_category":0,"ngg_post_thumbnail":0,"footnotes":""},"categories":[5],"tags":[],"class_list":["post-33568","post","type-post","status-publish","format-standard","has-post-thumbnail","hentry","category-destaques"],"_links":{"self":[{"href":"https:\/\/www.diasdavilaacontece.com\/index.php?rest_route=\/wp\/v2\/posts\/33568","targetHints":{"allow":["GET"]}}],"collection":[{"href":"https:\/\/www.diasdavilaacontece.com\/index.php?rest_route=\/wp\/v2\/posts"}],"about":[{"href":"https:\/\/www.diasdavilaacontece.com\/index.php?rest_route=\/wp\/v2\/types\/post"}],"author":[{"embeddable":true,"href":"https:\/\/www.diasdavilaacontece.com\/index.php?rest_route=\/wp\/v2\/users\/1"}],"replies":[{"embeddable":true,"href":"https:\/\/www.diasdavilaacontece.com\/index.php?rest_route=%2Fwp%2Fv2%2Fcomments&post=33568"}],"version-history":[{"count":1,"href":"https:\/\/www.diasdavilaacontece.com\/index.php?rest_route=\/wp\/v2\/posts\/33568\/revisions"}],"predecessor-version":[{"id":33570,"href":"https:\/\/www.diasdavilaacontece.com\/index.php?rest_route=\/wp\/v2\/posts\/33568\/revisions\/33570"}],"wp:featuredmedia":[{"embeddable":true,"href":"https:\/\/www.diasdavilaacontece.com\/index.php?rest_route=\/wp\/v2\/media\/33569"}],"wp:attachment":[{"href":"https:\/\/www.diasdavilaacontece.com\/index.php?rest_route=%2Fwp%2Fv2%2Fmedia&parent=33568"}],"wp:term":[{"taxonomy":"category","embeddable":true,"href":"https:\/\/www.diasdavilaacontece.com\/index.php?rest_route=%2Fwp%2Fv2%2Fcategories&post=33568"},{"taxonomy":"post_tag","embeddable":true,"href":"https:\/\/www.diasdavilaacontece.com\/index.php?rest_route=%2Fwp%2Fv2%2Ftags&post=33568"}],"curies":[{"name":"wp","href":"https:\/\/api.w.org\/{rel}","templated":true}]}}