{"id":33571,"date":"2022-01-27T16:25:02","date_gmt":"2022-01-27T16:25:02","guid":{"rendered":"https:\/\/www.diasdavilaacontece.com\/?p=33571"},"modified":"2022-01-27T16:25:02","modified_gmt":"2022-01-27T16:25:02","slug":"prefeitura-de-lauro-de-freitas-suspende-atendimento-presencial","status":"publish","type":"post","link":"https:\/\/www.diasdavilaacontece.com\/?p=33571","title":{"rendered":"PREFEITURA DE LAURO DE FREITAS SUSPENDE ATENDIMENTO PRESENCIAL"},"content":{"rendered":"<p>O atendimento presencial em secretarias municipais e demais \u00f3rg\u00e3os da Prefeitura de Lauro de Freitas est\u00e1 suspenso por 7 dias. Segundo a gest\u00e3o a &nbsp;medida foi tomada em fun\u00e7\u00e3o do aumento consider\u00e1vel dos casos de Covid-19 no munic\u00edpio e oficializada em decreto municipal n\u00ba 4.961, publicado na edi\u00e7\u00e3o do Di\u00e1rio Oficial do Munic\u00edpio (DOM) nesta quarta-feira (26). A presta\u00e7\u00e3o se servi\u00e7os ininterruptos e de urg\u00eancia e emerg\u00eancia continuam funcionando normalmente.<\/p>\n<p>Ainda de acordo com a prefeitura, caber\u00e1 \u00e0s secretarias a viabiliza\u00e7\u00e3o de mecanismos que garantam aos contribuintes o acesso aos servi\u00e7os de forma n\u00e3o presencial.<\/p>\n<p>O decreto tamb\u00e9m prorroga o prazo de validade de outras medidas at\u00e9 o dia 9 de fevereiro, como a suspens\u00e3o de eventos realizados pela administra\u00e7\u00e3o municipal, assim como aqueles que contam com o apoio da Prefeitura.<\/p>\n<h3>Related Images:<\/h3>","protected":false},"excerpt":{"rendered":"<p>O atendimento presencial em secretarias municipais e demais \u00f3rg\u00e3os da Prefeitura de Lauro de Freitas&#8230;<\/p>\n","protected":false},"author":1,"featured_media":33572,"comment_status":"closed","ping_status":"open","sticky":false,"template":"","format":"standard","meta":{"sfsi_plus_gutenberg_text_before_share":"","sfsi_plus_gutenberg_show_text_before_share":"","sfsi_plus_gutenberg_icon_type":"","sfsi_plus_gutenberg_icon_alignemt":"","sfsi_plus_gutenburg_max_per_row":"","_exactmetrics_skip_tracking":false,"_exactmetrics_sitenote_active":false,"_exactmetrics_sitenote_note":"","_exactmetrics_sitenote_category":0,"ngg_post_thumbnail":0,"footnotes":""},"categories":[5],"tags":[],"class_list":["post-33571","post","type-post","status-publish","format-standard","has-post-thumbnail","hentry","category-destaques"],"_links":{"self":[{"href":"https:\/\/www.diasdavilaacontece.com\/index.php?rest_route=\/wp\/v2\/posts\/33571","targetHints":{"allow":["GET"]}}],"collection":[{"href":"https:\/\/www.diasdavilaacontece.com\/index.php?rest_route=\/wp\/v2\/posts"}],"about":[{"href":"https:\/\/www.diasdavilaacontece.com\/index.php?rest_route=\/wp\/v2\/types\/post"}],"author":[{"embeddable":true,"href":"https:\/\/www.diasdavilaacontece.com\/index.php?rest_route=\/wp\/v2\/users\/1"}],"replies":[{"embeddable":true,"href":"https:\/\/www.diasdavilaacontece.com\/index.php?rest_route=%2Fwp%2Fv2%2Fcomments&post=33571"}],"version-history":[{"count":1,"href":"https:\/\/www.diasdavilaacontece.com\/index.php?rest_route=\/wp\/v2\/posts\/33571\/revisions"}],"predecessor-version":[{"id":33573,"href":"https:\/\/www.diasdavilaacontece.com\/index.php?rest_route=\/wp\/v2\/posts\/33571\/revisions\/33573"}],"wp:featuredmedia":[{"embeddable":true,"href":"https:\/\/www.diasdavilaacontece.com\/index.php?rest_route=\/wp\/v2\/media\/33572"}],"wp:attachment":[{"href":"https:\/\/www.diasdavilaacontece.com\/index.php?rest_route=%2Fwp%2Fv2%2Fmedia&parent=33571"}],"wp:term":[{"taxonomy":"category","embeddable":true,"href":"https:\/\/www.diasdavilaacontece.com\/index.php?rest_route=%2Fwp%2Fv2%2Fcategories&post=33571"},{"taxonomy":"post_tag","embeddable":true,"href":"https:\/\/www.diasdavilaacontece.com\/index.php?rest_route=%2Fwp%2Fv2%2Ftags&post=33571"}],"curies":[{"name":"wp","href":"https:\/\/api.w.org\/{rel}","templated":true}]}}