{"id":33574,"date":"2022-01-27T16:33:01","date_gmt":"2022-01-27T16:33:01","guid":{"rendered":"https:\/\/www.diasdavilaacontece.com\/?p=33574"},"modified":"2022-01-27T16:33:01","modified_gmt":"2022-01-27T16:33:01","slug":"21-estados-aprovam-o-congelamento-do-icms-para-combustiveis-a-bahia-nao-adere","status":"publish","type":"post","link":"https:\/\/www.diasdavilaacontece.com\/?p=33574","title":{"rendered":"21 ESTADOS APROVAM O CONGELAMENTO DO ICMS PARA COMBUST\u00cdVEIS &#8211; A BAHIA N\u00c3O ADERE"},"content":{"rendered":"<p>A prorroga\u00e7\u00e3o do congelamento do ICMS dos combust\u00edveis contou, at\u00e9 a tarde de quarta-feira (26), com a ades\u00e3o de 21 governadores, mas n\u00e3o contou com o aval do chefe do Executivo da Bahia, Rui Costa (PT). As informa\u00e7\u00f5es s\u00e3o da coluna Radar, da Veja.<\/p>\n<p>O reajuste do PMPF \u2014 pre\u00e7o m\u00e9dio ponderado ao consumidor final, que comp\u00f5e o c\u00e1lculo do ICMS \u2014 j\u00e1 estava suspenso entre 10 de novembro de 2021 e 31 de janeiro de 2022 e, agora, os mandat\u00e1rios decidiram pela renova\u00e7\u00e3o da medida.<\/p>\n<p>O imposto na Bahia j\u00e1 est\u00e1 congelado desde o dia 5 de novembro, quando o governo estadual atendeu decis\u00e3o tomada pelo Conselho Nacional de Pol\u00edtica Fazend\u00e1ria (Confaz). O Confaz \u00e9 um \u00f3rg\u00e3o composto por secret\u00e1rios de Fazenda dos estados e do Distrito Federal.<\/p>\n<p>Em nota p\u00fablica divulgada na tarde desta quarta, os governadores afirmam que a medida se deve ao cen\u00e1rio internacional do pre\u00e7o do petr\u00f3leo e que \u00e9 necess\u00e1ria, principalmente, para atenuar os efeitos da infla\u00e7\u00e3o aos consumidores, sobretudo \u00e0s camadas mais pobres.<\/p>\n<p>Os governadores defenderam, ainda, a \u201curgente necessidade\u201d de revis\u00e3o da pol\u00edtica de paridade internacional de pre\u00e7os dos combust\u00edveis, que, segundo a nota, \u201ctem levado a frequentes reajustes, muito a acima da infla\u00e7\u00e3o e do poder de compra da sociedade\u201d.<\/p>\n<p>Veja lista dos governadores que assinaram a carta: Waldez G\u00f3es (Amap\u00e1); Wilson Lima (Amazonas); Camilo Santana (Cear\u00e1); Ibaneis Rocha (Distrito Federal); Renato Casagrande (Esp\u00edrito Santo); Ronaldo Caiado (Goi\u00e1s); Fl\u00e1vio Dino (Maranh\u00e3o);&nbsp; Mauro Mendes (Mato Grosso); Reinaldo Azambuja (Mato Grosso do Sul); Romeu Zema (Minas Gerais); Helder Barbalho (Par\u00e1); Jo\u00e3o Azev\u00eado (Para\u00edba); Ratinho J\u00fanior (Paran\u00e1); Paulo C\u00e2mara (Pernambuco); Wellington Dias (Piau\u00ed);&nbsp; Cl\u00e1udio Castro (Rio de Janeiro); F\u00e1tima Bezerra (Rio Grande do Norte); Eduardo Leite (Rio Grande do Sul); Carlos Mois\u00e9s (Santa Catarina); Belivaldo Chagas (Sergipe) e Jo\u00e3o Doria (S\u00e3o Paulo).<\/p>\n<p>&nbsp;<\/p>\n<p>.<\/p>\n<p>Fonte &#8211; Bahia Not\u00edcias<\/p>\n<h3>Related Images:<\/h3>","protected":false},"excerpt":{"rendered":"<p>A prorroga\u00e7\u00e3o do congelamento do ICMS dos combust\u00edveis contou, at\u00e9 a tarde de quarta-feira (26),&#8230;<\/p>\n","protected":false},"author":1,"featured_media":33575,"comment_status":"closed","ping_status":"open","sticky":false,"template":"","format":"standard","meta":{"sfsi_plus_gutenberg_text_before_share":"","sfsi_plus_gutenberg_show_text_before_share":"","sfsi_plus_gutenberg_icon_type":"","sfsi_plus_gutenberg_icon_alignemt":"","sfsi_plus_gutenburg_max_per_row":"","_exactmetrics_skip_tracking":false,"_exactmetrics_sitenote_active":false,"_exactmetrics_sitenote_note":"","_exactmetrics_sitenote_category":0,"ngg_post_thumbnail":0,"footnotes":""},"categories":[5],"tags":[],"class_list":["post-33574","post","type-post","status-publish","format-standard","has-post-thumbnail","hentry","category-destaques"],"_links":{"self":[{"href":"https:\/\/www.diasdavilaacontece.com\/index.php?rest_route=\/wp\/v2\/posts\/33574","targetHints":{"allow":["GET"]}}],"collection":[{"href":"https:\/\/www.diasdavilaacontece.com\/index.php?rest_route=\/wp\/v2\/posts"}],"about":[{"href":"https:\/\/www.diasdavilaacontece.com\/index.php?rest_route=\/wp\/v2\/types\/post"}],"author":[{"embeddable":true,"href":"https:\/\/www.diasdavilaacontece.com\/index.php?rest_route=\/wp\/v2\/users\/1"}],"replies":[{"embeddable":true,"href":"https:\/\/www.diasdavilaacontece.com\/index.php?rest_route=%2Fwp%2Fv2%2Fcomments&post=33574"}],"version-history":[{"count":1,"href":"https:\/\/www.diasdavilaacontece.com\/index.php?rest_route=\/wp\/v2\/posts\/33574\/revisions"}],"predecessor-version":[{"id":33576,"href":"https:\/\/www.diasdavilaacontece.com\/index.php?rest_route=\/wp\/v2\/posts\/33574\/revisions\/33576"}],"wp:featuredmedia":[{"embeddable":true,"href":"https:\/\/www.diasdavilaacontece.com\/index.php?rest_route=\/wp\/v2\/media\/33575"}],"wp:attachment":[{"href":"https:\/\/www.diasdavilaacontece.com\/index.php?rest_route=%2Fwp%2Fv2%2Fmedia&parent=33574"}],"wp:term":[{"taxonomy":"category","embeddable":true,"href":"https:\/\/www.diasdavilaacontece.com\/index.php?rest_route=%2Fwp%2Fv2%2Fcategories&post=33574"},{"taxonomy":"post_tag","embeddable":true,"href":"https:\/\/www.diasdavilaacontece.com\/index.php?rest_route=%2Fwp%2Fv2%2Ftags&post=33574"}],"curies":[{"name":"wp","href":"https:\/\/api.w.org\/{rel}","templated":true}]}}