{"id":33587,"date":"2022-01-30T10:49:30","date_gmt":"2022-01-30T10:49:30","guid":{"rendered":"https:\/\/www.diasdavilaacontece.com\/?p=33587"},"modified":"2022-01-30T10:51:32","modified_gmt":"2022-01-30T10:51:32","slug":"diante-de-casos-de-covid-em-sala-de-aula-escolas-poderao-adotar-ensino-remoto","status":"publish","type":"post","link":"https:\/\/www.diasdavilaacontece.com\/?p=33587","title":{"rendered":"DIANTE DE CASOS DE COVID EM SALA DE AULA, ESCOLAS PODER\u00c3O ADOTAR ENSINO REMOTO"},"content":{"rendered":"<p>Uma decis\u00e3o do Conselho Nacional de Educa\u00e7\u00e3o (CNE) estabeleceu que, diante dos impactos da terceira onda da pandemia de Covid-19 no Brasil, as escolas p\u00fablicas e particulares poder\u00e3o oferecer aulas remotas, h\u00edbridas ou gravadas ao longo deste ano letivo.&nbsp;<\/p>\n<p>A decis\u00e3o vale para as institui\u00e7\u00f5es de todo pa\u00eds, mas apenas para casos &nbsp;excepcionais, como surto em sala de aula ou estudantes em quarentena se recuperando da doen\u00e7a. Ou seja, se a crian\u00e7a ou adolescente n\u00e3o se enquadrar em alguma situa\u00e7\u00e3o acima, precisa frequentar o col\u00e9gio.<\/p>\n<p>Os estabelecimentos educacionais n\u00e3o tinham, at\u00e9 ent\u00e3o, respaldo legal para oferecer atividades a dist\u00e2ncia como modalidade de ensino neste ano, j\u00e1 que a Lei n\u00ba 14.040, de 2020, dava validade aos conte\u00fados remotos apenas at\u00e9 dezembro do ano passado.<\/p>\n<p>De acordo com uma nota publicada pelo CNE, o retorno presencial deve ser a prioridade, mas os centros educacionais poder\u00e3o adotar provid\u00eancias e modelos do ensino a dist\u00e2ncia, temporariamente, durante per\u00edodos de crise sanit\u00e1ria.<\/p>\n<p>Segundo a vice-presidente da C\u00e2mara de Educa\u00e7\u00e3o B\u00e1sica do CNE, Amabile Pacios, as escolas est\u00e3o autorizadas a retomar aulas remotas exclusivamente em casos de surtos ou de decretos governamentais determinando a suspens\u00e3o das atividades presenciais. \u201cSe a escola precisar afastar uma turma, ela pode, durante o per\u00edodo de isolamento, fazer o atendimento on-line. Acabou a quarentena, volta ao presencial. Em hip\u00f3tese de o governador suspender as aulas, ent\u00e3o a gente pode migrar para o remoto\u201d, exemplificou a educadora.<\/p>\n<p>&nbsp;<\/p>\n<p>.<\/p>\n<p>Fonte &#8211; Bahia Not\u00edcias<\/p>\n<h3>Related Images:<\/h3>","protected":false},"excerpt":{"rendered":"<p>Uma decis\u00e3o do Conselho Nacional de Educa\u00e7\u00e3o (CNE) estabeleceu que, diante dos impactos da terceira&#8230;<\/p>\n","protected":false},"author":1,"featured_media":33588,"comment_status":"closed","ping_status":"open","sticky":false,"template":"","format":"standard","meta":{"sfsi_plus_gutenberg_text_before_share":"","sfsi_plus_gutenberg_show_text_before_share":"","sfsi_plus_gutenberg_icon_type":"","sfsi_plus_gutenberg_icon_alignemt":"","sfsi_plus_gutenburg_max_per_row":"","_exactmetrics_skip_tracking":false,"_exactmetrics_sitenote_active":false,"_exactmetrics_sitenote_note":"","_exactmetrics_sitenote_category":0,"ngg_post_thumbnail":0,"footnotes":""},"categories":[56],"tags":[],"class_list":["post-33587","post","type-post","status-publish","format-standard","has-post-thumbnail","hentry","category-dias-davila"],"_links":{"self":[{"href":"https:\/\/www.diasdavilaacontece.com\/index.php?rest_route=\/wp\/v2\/posts\/33587","targetHints":{"allow":["GET"]}}],"collection":[{"href":"https:\/\/www.diasdavilaacontece.com\/index.php?rest_route=\/wp\/v2\/posts"}],"about":[{"href":"https:\/\/www.diasdavilaacontece.com\/index.php?rest_route=\/wp\/v2\/types\/post"}],"author":[{"embeddable":true,"href":"https:\/\/www.diasdavilaacontece.com\/index.php?rest_route=\/wp\/v2\/users\/1"}],"replies":[{"embeddable":true,"href":"https:\/\/www.diasdavilaacontece.com\/index.php?rest_route=%2Fwp%2Fv2%2Fcomments&post=33587"}],"version-history":[{"count":2,"href":"https:\/\/www.diasdavilaacontece.com\/index.php?rest_route=\/wp\/v2\/posts\/33587\/revisions"}],"predecessor-version":[{"id":33590,"href":"https:\/\/www.diasdavilaacontece.com\/index.php?rest_route=\/wp\/v2\/posts\/33587\/revisions\/33590"}],"wp:featuredmedia":[{"embeddable":true,"href":"https:\/\/www.diasdavilaacontece.com\/index.php?rest_route=\/wp\/v2\/media\/33588"}],"wp:attachment":[{"href":"https:\/\/www.diasdavilaacontece.com\/index.php?rest_route=%2Fwp%2Fv2%2Fmedia&parent=33587"}],"wp:term":[{"taxonomy":"category","embeddable":true,"href":"https:\/\/www.diasdavilaacontece.com\/index.php?rest_route=%2Fwp%2Fv2%2Fcategories&post=33587"},{"taxonomy":"post_tag","embeddable":true,"href":"https:\/\/www.diasdavilaacontece.com\/index.php?rest_route=%2Fwp%2Fv2%2Ftags&post=33587"}],"curies":[{"name":"wp","href":"https:\/\/api.w.org\/{rel}","templated":true}]}}