{"id":33591,"date":"2022-01-31T11:34:41","date_gmt":"2022-01-31T11:34:41","guid":{"rendered":"https:\/\/www.diasdavilaacontece.com\/?p=33591"},"modified":"2022-01-31T11:34:41","modified_gmt":"2022-01-31T11:34:41","slug":"pai-solo-podera-ter-licenca-maternidade-de-180-dias","status":"publish","type":"post","link":"https:\/\/www.diasdavilaacontece.com\/?p=33591","title":{"rendered":"PAI SOLO PODER\u00c1 TER LICEN\u00c7A MATERNIDADE DE 180 DIAS"},"content":{"rendered":"<p>O procurador-geral da Rep\u00fablica, Augusto Aras, defendeu a possibilidade de estender a licen\u00e7a-maternidade de 180 dias para o pai solo, aquele que \u00e9 o \u00fanico respons\u00e1vel pela crian\u00e7a. A manifesta\u00e7\u00e3o do PGR est\u00e1 em um parecer enviado ao Supremo Tribunal Federal (STF) e vai subsidiar um processo previsto para julgamento no pr\u00f3ximo dia 16 de fevereiro.<\/p>\n<p>O caso trata do pai de crian\u00e7as g\u00eameas geradas por fertiliza\u00e7\u00e3o in vitro e a chamada \u201cbarriga de aluguel\u201d. Por decis\u00e3o da Justi\u00e7a, ele conseguiu a garantia do benef\u00edcio de 180 dias. Contra a decis\u00e3o, o Instituto Nacional do Seguro Social (INSS) apresentou recurso no STF, sob relatoria do ministro Alexandre de Moraes.&nbsp;<\/p>\n<p>Em sua manifesta\u00e7\u00e3o, Aras afirma que a concess\u00e3o da licen\u00e7a-maternidade vai al\u00e9m do fator biol\u00f3gico da gravidez e deve ser entendido como um direito \u00e0 fam\u00edlia. Em especial, o direito da crian\u00e7a de ter um per\u00edodo de conviv\u00eancia com quem exercer\u00e1 a parentalidade.&nbsp;<\/p>\n<p>&#8220;Mesmo com as diferen\u00e7as de sexo, a finalidade e o dever-poder de resguardar a crian\u00e7a e garantir sua prote\u00e7\u00e3o integral &#8211; pondo a salvo de qualquer perigo ou situa\u00e7\u00e3o que comprometa seu desenvolvimento &#8211; s\u00e3o os mesmos, independentemente de g\u00eanero\u201d, defende.<\/p>\n<p>Aras tamb\u00e9m n\u00e3o v\u00ea a necessidade de editar uma lei nova para regulamentar a fonte de custeio e estender o benef\u00edcio. A avalia\u00e7\u00e3o do PGR \u00e9 de que o Estado deve considerar a possibilidade de um pai solo desejar e exercer a parentalidade.<\/p>\n<p>&#8220;No caso de pai solo servidor p\u00fablico que se dedicar\u00e1 de forma exclusiva ao filho em seus primeiros meses de vida, \u00e9 poss\u00edvel estender o benef\u00edcio da licen\u00e7a-maternidade, j\u00e1 que, na verdade, seu real destinat\u00e1rio \u00e9 a pr\u00f3pria crian\u00e7a&#8221;, diz o parecer.&nbsp;<\/p>\n<p>O processo tramita na sistem\u00e1tica da repercuss\u00e3o geral, o que significa que a tese firmada pelo Plen\u00e1rio sobre a possibilidade ou n\u00e3o de conceder o benef\u00edcio com prazo m\u00e1ximo dever\u00e1 ser aplicada por todos os tribunais do pa\u00eds.&nbsp;<\/p>\n<p>&nbsp;<\/p>\n<p>&nbsp;<\/p>\n<p>.<\/p>\n<p>Fonte &#8211; OTempo<\/p>\n<h3>Related Images:<\/h3>","protected":false},"excerpt":{"rendered":"<p>O procurador-geral da Rep\u00fablica, Augusto Aras, defendeu a possibilidade de estender a licen\u00e7a-maternidade de 180&#8230;<\/p>\n","protected":false},"author":1,"featured_media":33592,"comment_status":"closed","ping_status":"open","sticky":false,"template":"","format":"standard","meta":{"sfsi_plus_gutenberg_text_before_share":"","sfsi_plus_gutenberg_show_text_before_share":"","sfsi_plus_gutenberg_icon_type":"","sfsi_plus_gutenberg_icon_alignemt":"","sfsi_plus_gutenburg_max_per_row":"","_exactmetrics_skip_tracking":false,"_exactmetrics_sitenote_active":false,"_exactmetrics_sitenote_note":"","_exactmetrics_sitenote_category":0,"ngg_post_thumbnail":0,"footnotes":""},"categories":[5],"tags":[],"class_list":["post-33591","post","type-post","status-publish","format-standard","has-post-thumbnail","hentry","category-destaques"],"_links":{"self":[{"href":"https:\/\/www.diasdavilaacontece.com\/index.php?rest_route=\/wp\/v2\/posts\/33591","targetHints":{"allow":["GET"]}}],"collection":[{"href":"https:\/\/www.diasdavilaacontece.com\/index.php?rest_route=\/wp\/v2\/posts"}],"about":[{"href":"https:\/\/www.diasdavilaacontece.com\/index.php?rest_route=\/wp\/v2\/types\/post"}],"author":[{"embeddable":true,"href":"https:\/\/www.diasdavilaacontece.com\/index.php?rest_route=\/wp\/v2\/users\/1"}],"replies":[{"embeddable":true,"href":"https:\/\/www.diasdavilaacontece.com\/index.php?rest_route=%2Fwp%2Fv2%2Fcomments&post=33591"}],"version-history":[{"count":1,"href":"https:\/\/www.diasdavilaacontece.com\/index.php?rest_route=\/wp\/v2\/posts\/33591\/revisions"}],"predecessor-version":[{"id":33593,"href":"https:\/\/www.diasdavilaacontece.com\/index.php?rest_route=\/wp\/v2\/posts\/33591\/revisions\/33593"}],"wp:featuredmedia":[{"embeddable":true,"href":"https:\/\/www.diasdavilaacontece.com\/index.php?rest_route=\/wp\/v2\/media\/33592"}],"wp:attachment":[{"href":"https:\/\/www.diasdavilaacontece.com\/index.php?rest_route=%2Fwp%2Fv2%2Fmedia&parent=33591"}],"wp:term":[{"taxonomy":"category","embeddable":true,"href":"https:\/\/www.diasdavilaacontece.com\/index.php?rest_route=%2Fwp%2Fv2%2Fcategories&post=33591"},{"taxonomy":"post_tag","embeddable":true,"href":"https:\/\/www.diasdavilaacontece.com\/index.php?rest_route=%2Fwp%2Fv2%2Ftags&post=33591"}],"curies":[{"name":"wp","href":"https:\/\/api.w.org\/{rel}","templated":true}]}}