{"id":33598,"date":"2022-02-01T10:40:28","date_gmt":"2022-02-01T10:40:28","guid":{"rendered":"https:\/\/www.diasdavilaacontece.com\/?p=33598"},"modified":"2022-02-01T10:40:28","modified_gmt":"2022-02-01T10:40:28","slug":"veja-aqui-como-pagar-ou-parcelar-o-seu-ipva-2022","status":"publish","type":"post","link":"https:\/\/www.diasdavilaacontece.com\/?p=33598","title":{"rendered":"VEJA AQUI COMO PAGAR OU PARCELAR O SEU IPVA 2022"},"content":{"rendered":"<div class=\"td-post-content tagdiv-type\">\n<p>Com o in\u00edcio de um novo ano, come\u00e7a tamb\u00e9m um novo ciclo de pagamento de impostos. Entre as cobran\u00e7as, o Imposto sobre a Propriedade de Ve\u00edculos Automotores (IPVA) \u2013 tributo estadual cobrado pela posse de ve\u00edculos automotores que circulam em estradas e rodovias.<\/p>\n<p>Por ser de arrecada\u00e7\u00e3o estadual, cada unidade federativa (UF) define o pr\u00f3prio calend\u00e1rio de vencimento. O pagamento do IPVA \u00e9 obrigat\u00f3rio e a al\u00edquota apresenta varia\u00e7\u00e3o conforme o modelo e a o ano de fabrica\u00e7\u00e3o do ve\u00edculo, e tamb\u00e9m o estado onde o ve\u00edculo est\u00e1 registrado.<\/p>\n<p>Em alguns estados, o IPVA pode ser pago com desconto para quem opta pela parcela \u00fanica. Para contribuintes que pretendem dividir o imposto, o parcelamento varia entre tr\u00eas e seis presta\u00e7\u00f5es.<\/p>\n<p>Na Bahia os propriet\u00e1rios de ve\u00edculos baianos j\u00e1 podem se programar e aproveitar o desconto especial de<strong>&nbsp;20% para pagar com anteced\u00eancia, at\u00e9 10 de fevereiro<\/strong>, o Imposto Sobre a Propriedade de Ve\u00edculos Automotores (IPVA) de 2022. Em compara\u00e7\u00e3o com os exerc\u00edcios anteriores, o Governo do Estado dobrou o percentual de abatimento para quem quitar logo o imposto: at\u00e9 2021, o desconto para antecipa\u00e7\u00e3o no in\u00edcio do ano era de 10%.<\/p>\n<p>Dobrou tamb\u00e9m o desconto para quem deixar para fazer a quita\u00e7\u00e3o integral do IPVA na primeira cota do parcelamento, cuja data varia de acordo com o n\u00famero final da placa do ve\u00edculo: o abatimento, que neste caso era de 5%, em 2022 ser\u00e1 de 10%.<\/p>\n<p>O parcelamento, que poder\u00e1 ser feito a partir de mar\u00e7o, traz outra boa not\u00edcia para o contribuinte: a op\u00e7\u00e3o de dividir o pagamento do imposto em cinco vezes, n\u00famero tamb\u00e9m maior que as tr\u00eas vezes dos anos anteriores.<\/p>\n<p>As medidas anunciadas em dezembro pelo governador Rui Costa t\u00eam o objetivo de atenuar os efeitos da infla\u00e7\u00e3o, que nos \u00faltimos meses voltaram a ser alvo de preocupa\u00e7\u00e3o para os brasileiros, com impacto no mercado de carros.<\/p>\n<h2>Como pagar<\/h2>\n<p>O pagamento do IPVA pode ser feito em qualquer ag\u00eancia do Banco do Brasil, Bradesco ou Bancoob, bastando apenas informar o n\u00famero do Renavam. No BB e no Bradesco, \u00e9 poss\u00edvel tamb\u00e9m fazer o pagamento on-line. Mais informa\u00e7\u00f5es est\u00e3o dispon\u00edveis no&nbsp;<a href=\"https:\/\/nam10.safelinks.protection.outlook.com\/?url=http%3A%2F%2Fwww.sefaz.ba.gov.br%2F&amp;data=04%7C01%7Credatores.secom%40secom.ba.gov.br%7C11765c5168334854e39c08d9cede1017%7C4cd835f45440408f93a3975fc17c384a%7C0%7C0%7C637768275424351852%7CUnknown%7CTWFpbGZsb3d8eyJWIjoiMC4wLjAwMDAiLCJQIjoiV2luMzIiLCJBTiI6Ik1haWwiLCJXVCI6Mn0%3D%7C2000&amp;sdata=Y%2FNFAkyLfcizRG7o36PlFFCnmAfoBcyjiarYONB0i%2BA%3D&amp;reserved=0\" target=\"_blank\" rel=\"noreferrer noopener\">www.sefaz.ba.gov.br<\/a>&nbsp;ou via 0800 071 0071.<\/p>\n<p>De acordo com o fisco estadual, a frota tribut\u00e1vel da Bahia \u00e9 de cerca de 2,2 milh\u00f5es de ve\u00edculos, e o IPVA constitui a segunda fonte de arrecada\u00e7\u00e3o tribut\u00e1ria do Estado. O valor arrecadado com o imposto \u00e9 dividido meio a meio com o munic\u00edpio onde o ve\u00edculo foi emplacado.<\/p>\n<h2><strong>Parcelamento em cinco vezes<\/strong><\/h2>\n<p>Para parcelar o imposto em cinco vezes, os propriet\u00e1rios de ve\u00edculos s\u00f3 precisam observar a data de vencimento da primeira cota na&nbsp;tabela, de acordo com o n\u00famero final da placa. \u00c9 preciso, para parcelar, que o valor devido seja de no m\u00ednimo R$ 120,00.&nbsp; Os d\u00e9bitos referentes \u00e0 taxa de licenciamento e \u00e0s multas de tr\u00e2nsito dever\u00e3o ser pagos at\u00e9 a data de vencimento da quinta parcela. O propriet\u00e1rio que perder o prazo da primeira cota deixa de ter direito ao parcelamento em cinco vezes.<\/p>\n<h2>Isen\u00e7\u00e3o e imunidade<\/h2>\n<p>Est\u00e3o isentos do pagamento do IPVA portadores de defici\u00eancia f\u00edsica, visual, mental e autistas.&nbsp; A isen\u00e7\u00e3o tamb\u00e9m contempla os ve\u00edculos de empresas concession\u00e1rias de servi\u00e7o p\u00fablico de transporte coletivo, aqueles com mais de 15 anos de fabrica\u00e7\u00e3o, ve\u00edculos terrestres com motor de pot\u00eancia inferior a 50 cilindradas e embarca\u00e7\u00f5es com motor de pot\u00eancia inferior a 25 HP.<\/p>\n<p>Constam ainda na faixa de isen\u00e7\u00e3o m\u00e1quinas agr\u00edcolas, t\u00e1xis de propriedade de motoristas profissionais aut\u00f4nomos e ve\u00edculos pertencentes a embaixadas, a representa\u00e7\u00f5es consulares, a funcion\u00e1rios de carreira diplom\u00e1tica e a pessoas jur\u00eddicas de direito privado institu\u00eddas pelo poder p\u00fablico estadual ou municipal.<\/p>\n<h2>Veja tabela de pagamento 2022<\/h2>\n<figure class=\"wp-block-image is-resized\"><img loading=\"lazy\" decoding=\"async\" class=\"td-animation-stack-type0-2\" src=\"https:\/\/conteudo.ebc.com.br\/agencia\/2022\/ipva\/tabelaIPVA_BA.jpg\" alt=\"\" width=\"732\" height=\"320\"><\/figure>\n<\/div>\n<footer>\n<div class=\"td-post-source-tags\">&nbsp;<\/div>\n<div class=\"td-post-sharing-bottom\">&nbsp;<\/div>\n<\/footer>\n<h3>Related Images:<\/h3>","protected":false},"excerpt":{"rendered":"<p>Com o in\u00edcio de um novo ano, come\u00e7a tamb\u00e9m um novo ciclo de pagamento de&#8230;<\/p>\n","protected":false},"author":1,"featured_media":33599,"comment_status":"closed","ping_status":"open","sticky":false,"template":"","format":"standard","meta":{"sfsi_plus_gutenberg_text_before_share":"","sfsi_plus_gutenberg_show_text_before_share":"","sfsi_plus_gutenberg_icon_type":"","sfsi_plus_gutenberg_icon_alignemt":"","sfsi_plus_gutenburg_max_per_row":"","_exactmetrics_skip_tracking":false,"_exactmetrics_sitenote_active":false,"_exactmetrics_sitenote_note":"","_exactmetrics_sitenote_category":0,"ngg_post_thumbnail":0,"footnotes":""},"categories":[56],"tags":[],"class_list":["post-33598","post","type-post","status-publish","format-standard","has-post-thumbnail","hentry","category-dias-davila"],"_links":{"self":[{"href":"https:\/\/www.diasdavilaacontece.com\/index.php?rest_route=\/wp\/v2\/posts\/33598","targetHints":{"allow":["GET"]}}],"collection":[{"href":"https:\/\/www.diasdavilaacontece.com\/index.php?rest_route=\/wp\/v2\/posts"}],"about":[{"href":"https:\/\/www.diasdavilaacontece.com\/index.php?rest_route=\/wp\/v2\/types\/post"}],"author":[{"embeddable":true,"href":"https:\/\/www.diasdavilaacontece.com\/index.php?rest_route=\/wp\/v2\/users\/1"}],"replies":[{"embeddable":true,"href":"https:\/\/www.diasdavilaacontece.com\/index.php?rest_route=%2Fwp%2Fv2%2Fcomments&post=33598"}],"version-history":[{"count":1,"href":"https:\/\/www.diasdavilaacontece.com\/index.php?rest_route=\/wp\/v2\/posts\/33598\/revisions"}],"predecessor-version":[{"id":33600,"href":"https:\/\/www.diasdavilaacontece.com\/index.php?rest_route=\/wp\/v2\/posts\/33598\/revisions\/33600"}],"wp:featuredmedia":[{"embeddable":true,"href":"https:\/\/www.diasdavilaacontece.com\/index.php?rest_route=\/wp\/v2\/media\/33599"}],"wp:attachment":[{"href":"https:\/\/www.diasdavilaacontece.com\/index.php?rest_route=%2Fwp%2Fv2%2Fmedia&parent=33598"}],"wp:term":[{"taxonomy":"category","embeddable":true,"href":"https:\/\/www.diasdavilaacontece.com\/index.php?rest_route=%2Fwp%2Fv2%2Fcategories&post=33598"},{"taxonomy":"post_tag","embeddable":true,"href":"https:\/\/www.diasdavilaacontece.com\/index.php?rest_route=%2Fwp%2Fv2%2Ftags&post=33598"}],"curies":[{"name":"wp","href":"https:\/\/api.w.org\/{rel}","templated":true}]}}