{"id":33601,"date":"2022-02-01T11:03:15","date_gmt":"2022-02-01T11:03:15","guid":{"rendered":"https:\/\/www.diasdavilaacontece.com\/?p=33601"},"modified":"2022-02-01T11:07:57","modified_gmt":"2022-02-01T11:07:57","slug":"funcionarios-com-covid-nao-precisam-apresentar-atestados-por-ate-10-dias","status":"publish","type":"post","link":"https:\/\/www.diasdavilaacontece.com\/?p=33601","title":{"rendered":"FUNCION\u00c1RIOS COM COVID N\u00c3O PRECISAM APRESENTAR ATESTADOS POR AT\u00c9 10 DIAS E TEM ASSEGURADA A REMUNERA\u00c7\u00c3O NESTES DIAS"},"content":{"rendered":"<p>O Minist\u00e9rio do Trabalho e Previd\u00eancia informou que trabalhadores com sintomas ou diagn\u00f3stico confirmado para Covid-19 n\u00e3o precisam apresentar atestado m\u00e9dico \u00e0s empresas e devem ser afastados do trabalho presencial. A apresenta\u00e7\u00e3o de atestado s\u00f3 \u00e9 necess\u00e1ria se o afastamento durar mais de 10 dias.<\/p>\n<p>Deve ser considerado o primeiro dia de isolamento o dia seguinte ao in\u00edcio dos sintomas ou a data da coleta de teste RT-PCR ou de teste de ant\u00edgeno.<\/p>\n<p>Al\u00e9m disso, a portaria interministerial prev\u00ea que trabalhadores que tiverem contato com pessoas com diagn\u00f3stico confirmado de Covid-19 tamb\u00e9m devem ser afastados do trabalho presencial sem a necessidade de atestado m\u00e9dico.&nbsp;<\/p>\n<p>Ainda de acordo com a portaria, a empresa pode reduzir o per\u00edodo de afastamento presencial para sete dias desde que o trabalhador esteja sem febre h\u00e1 24 horas, sem uso de medicamentos antit\u00e9rmicos e com remiss\u00e3o de sinais e sintomas respirat\u00f3rios.&nbsp;<\/p>\n<p>O texto tamb\u00e9m informa que a empresa deve orientar os empregados afastados a permanecerem em suas casas, al\u00e9m de assegurar a remunera\u00e7\u00e3o durante o per\u00edodo de afastamento.<\/p>\n<p>&nbsp;<\/p>\n<p>.<\/p>\n<p>Fonte &#8211; Bahia Not\u00edcias<\/p>\n<p>&nbsp;<\/p>\n<h3>Related Images:<\/h3>","protected":false},"excerpt":{"rendered":"<p>O Minist\u00e9rio do Trabalho e Previd\u00eancia informou que trabalhadores com sintomas ou diagn\u00f3stico confirmado para&#8230;<\/p>\n","protected":false},"author":1,"featured_media":33602,"comment_status":"closed","ping_status":"open","sticky":false,"template":"","format":"standard","meta":{"sfsi_plus_gutenberg_text_before_share":"","sfsi_plus_gutenberg_show_text_before_share":"","sfsi_plus_gutenberg_icon_type":"","sfsi_plus_gutenberg_icon_alignemt":"","sfsi_plus_gutenburg_max_per_row":"","_exactmetrics_skip_tracking":false,"_exactmetrics_sitenote_active":false,"_exactmetrics_sitenote_note":"","_exactmetrics_sitenote_category":0,"ngg_post_thumbnail":0,"footnotes":""},"categories":[56],"tags":[],"class_list":["post-33601","post","type-post","status-publish","format-standard","has-post-thumbnail","hentry","category-dias-davila"],"_links":{"self":[{"href":"https:\/\/www.diasdavilaacontece.com\/index.php?rest_route=\/wp\/v2\/posts\/33601","targetHints":{"allow":["GET"]}}],"collection":[{"href":"https:\/\/www.diasdavilaacontece.com\/index.php?rest_route=\/wp\/v2\/posts"}],"about":[{"href":"https:\/\/www.diasdavilaacontece.com\/index.php?rest_route=\/wp\/v2\/types\/post"}],"author":[{"embeddable":true,"href":"https:\/\/www.diasdavilaacontece.com\/index.php?rest_route=\/wp\/v2\/users\/1"}],"replies":[{"embeddable":true,"href":"https:\/\/www.diasdavilaacontece.com\/index.php?rest_route=%2Fwp%2Fv2%2Fcomments&post=33601"}],"version-history":[{"count":3,"href":"https:\/\/www.diasdavilaacontece.com\/index.php?rest_route=\/wp\/v2\/posts\/33601\/revisions"}],"predecessor-version":[{"id":33605,"href":"https:\/\/www.diasdavilaacontece.com\/index.php?rest_route=\/wp\/v2\/posts\/33601\/revisions\/33605"}],"wp:featuredmedia":[{"embeddable":true,"href":"https:\/\/www.diasdavilaacontece.com\/index.php?rest_route=\/wp\/v2\/media\/33602"}],"wp:attachment":[{"href":"https:\/\/www.diasdavilaacontece.com\/index.php?rest_route=%2Fwp%2Fv2%2Fmedia&parent=33601"}],"wp:term":[{"taxonomy":"category","embeddable":true,"href":"https:\/\/www.diasdavilaacontece.com\/index.php?rest_route=%2Fwp%2Fv2%2Fcategories&post=33601"},{"taxonomy":"post_tag","embeddable":true,"href":"https:\/\/www.diasdavilaacontece.com\/index.php?rest_route=%2Fwp%2Fv2%2Ftags&post=33601"}],"curies":[{"name":"wp","href":"https:\/\/api.w.org\/{rel}","templated":true}]}}