{"id":34251,"date":"2022-03-28T20:48:14","date_gmt":"2022-03-28T20:48:14","guid":{"rendered":"https:\/\/www.diasdavilaacontece.com\/?p=34251"},"modified":"2022-03-28T20:48:14","modified_gmt":"2022-03-28T20:48:14","slug":"suposto-tubarao-e-visto-na-praia-do-porto-da-barra","status":"publish","type":"post","link":"https:\/\/www.diasdavilaacontece.com\/?p=34251","title":{"rendered":"SUPOSTO TUBAR\u00c3O \u00c9 VISTO NA PRAIA DO PORTO DA BARRA"},"content":{"rendered":"<p style=\"font-weight: 400;\">Um tubar\u00e3o teria sido visto na praia da Barra na tarde desta segunda-feira (28). Banhistas que estavam na regi\u00e3o do Porto da Barra, nas proximidades do Forte S\u00e3o Diogo, foram orientados por Policiais Militares a n\u00e3o entrarem no mar.&nbsp;<\/p>\n<p style=\"font-weight: 400;\">O avistamento do tubar\u00e3o foi feito por um policial militar que estava no cal\u00e7ad\u00e3o. Os policiais ent\u00e3o, se dirigiram at\u00e9 a faixa de areia e pediram que as pessoas que estavam aproveitando o mar se retirassem da \u00e1gua. Outros banhistas tamb\u00e9m afirmam terem avistado o tubar\u00e3o.<\/p>\n<p style=\"font-weight: 400;\">O Corpo de Bombeiros e a Salvamar informaram n\u00e3o terem conhecimento da referida ocorr\u00eancia. J\u00e1 a PM informou que policiais do Beptur que realizam rondas na \u00e1rea visualizaram um peixe grande com caracter\u00edsticas de tubar\u00e3o, e por precau\u00e7\u00e3o, pediram aos banhistas que se afastassem da \u00e1gua.<\/p>\n<p>Recentemente circulou boatos de um tubar\u00e3o nas praias de Praia do Forte &#8211; sendo desmentido por autoridades.<\/p>\n<h3>Related Images:<\/h3>","protected":false},"excerpt":{"rendered":"<p>Um tubar\u00e3o teria sido visto na praia da Barra na tarde desta segunda-feira (28). Banhistas&#8230;<\/p>\n","protected":false},"author":1,"featured_media":34252,"comment_status":"closed","ping_status":"open","sticky":false,"template":"","format":"standard","meta":{"sfsi_plus_gutenberg_text_before_share":"","sfsi_plus_gutenberg_show_text_before_share":"","sfsi_plus_gutenberg_icon_type":"","sfsi_plus_gutenberg_icon_alignemt":"","sfsi_plus_gutenburg_max_per_row":"","_exactmetrics_skip_tracking":false,"_exactmetrics_sitenote_active":false,"_exactmetrics_sitenote_note":"","_exactmetrics_sitenote_category":0,"ngg_post_thumbnail":0,"footnotes":""},"categories":[5],"tags":[],"class_list":["post-34251","post","type-post","status-publish","format-standard","has-post-thumbnail","hentry","category-destaques"],"_links":{"self":[{"href":"https:\/\/www.diasdavilaacontece.com\/index.php?rest_route=\/wp\/v2\/posts\/34251","targetHints":{"allow":["GET"]}}],"collection":[{"href":"https:\/\/www.diasdavilaacontece.com\/index.php?rest_route=\/wp\/v2\/posts"}],"about":[{"href":"https:\/\/www.diasdavilaacontece.com\/index.php?rest_route=\/wp\/v2\/types\/post"}],"author":[{"embeddable":true,"href":"https:\/\/www.diasdavilaacontece.com\/index.php?rest_route=\/wp\/v2\/users\/1"}],"replies":[{"embeddable":true,"href":"https:\/\/www.diasdavilaacontece.com\/index.php?rest_route=%2Fwp%2Fv2%2Fcomments&post=34251"}],"version-history":[{"count":1,"href":"https:\/\/www.diasdavilaacontece.com\/index.php?rest_route=\/wp\/v2\/posts\/34251\/revisions"}],"predecessor-version":[{"id":34253,"href":"https:\/\/www.diasdavilaacontece.com\/index.php?rest_route=\/wp\/v2\/posts\/34251\/revisions\/34253"}],"wp:featuredmedia":[{"embeddable":true,"href":"https:\/\/www.diasdavilaacontece.com\/index.php?rest_route=\/wp\/v2\/media\/34252"}],"wp:attachment":[{"href":"https:\/\/www.diasdavilaacontece.com\/index.php?rest_route=%2Fwp%2Fv2%2Fmedia&parent=34251"}],"wp:term":[{"taxonomy":"category","embeddable":true,"href":"https:\/\/www.diasdavilaacontece.com\/index.php?rest_route=%2Fwp%2Fv2%2Fcategories&post=34251"},{"taxonomy":"post_tag","embeddable":true,"href":"https:\/\/www.diasdavilaacontece.com\/index.php?rest_route=%2Fwp%2Fv2%2Ftags&post=34251"}],"curies":[{"name":"wp","href":"https:\/\/api.w.org\/{rel}","templated":true}]}}