{"id":34264,"date":"2022-03-28T21:52:06","date_gmt":"2022-03-28T21:52:06","guid":{"rendered":"https:\/\/www.diasdavilaacontece.com\/?p=34264"},"modified":"2022-03-28T21:52:06","modified_gmt":"2022-03-28T21:52:06","slug":"pm-prende-duas-pessoas-com-46-embalagens-contendo-cocaina","status":"publish","type":"post","link":"https:\/\/www.diasdavilaacontece.com\/?p=34264","title":{"rendered":"PM PRENDE DUAS PESSOAS COM 46 EMBALAGENS CONTENDO COCA\u00cdNA"},"content":{"rendered":"<p>Uma apreens\u00e3o de drogas realizada por uma guarni\u00e7\u00e3o da 36\u00aa Companhia Independente de Pol\u00edcia Militar em Dias d&#8217;\u00c1vila, levou \u00e0 pris\u00e3o de dois criminosos na tarde deste domingo (27), no bairro da Conc\u00f3rdia.<\/p>\n<p>Os criminosos, identificados como W.S.P. e A.R.S. tentaram se livrar das 46 embalagens contendo coca\u00edna juntamente com um aparelho celular, quando perceberam a chegada de uma guarni\u00e7\u00e3o da Pol\u00edcia Militar \u00e0 2\u00aa Travessa Jo\u00e3o Daltro Dantas.<\/p>\n<p>Os policiais apreenderam o material il\u00edcito e conseguiram alcan\u00e7ar os criminosos, que foram presos em flagrante delito pelo crime de tr\u00e1fico de entorpecentes e conduzidos \u00e0 25\u00aa Delegacia Territorial, onde permanecem detidos.<\/p>\n<h3>Related Images:<\/h3>","protected":false},"excerpt":{"rendered":"<p>Uma apreens\u00e3o de drogas realizada por uma guarni\u00e7\u00e3o da 36\u00aa Companhia Independente de Pol\u00edcia Militar&#8230;<\/p>\n","protected":false},"author":1,"featured_media":34265,"comment_status":"closed","ping_status":"open","sticky":false,"template":"","format":"standard","meta":{"sfsi_plus_gutenberg_text_before_share":"","sfsi_plus_gutenberg_show_text_before_share":"","sfsi_plus_gutenberg_icon_type":"","sfsi_plus_gutenberg_icon_alignemt":"","sfsi_plus_gutenburg_max_per_row":"","_exactmetrics_skip_tracking":false,"_exactmetrics_sitenote_active":false,"_exactmetrics_sitenote_note":"","_exactmetrics_sitenote_category":0,"ngg_post_thumbnail":0,"footnotes":""},"categories":[56],"tags":[],"class_list":["post-34264","post","type-post","status-publish","format-standard","has-post-thumbnail","hentry","category-dias-davila"],"_links":{"self":[{"href":"https:\/\/www.diasdavilaacontece.com\/index.php?rest_route=\/wp\/v2\/posts\/34264","targetHints":{"allow":["GET"]}}],"collection":[{"href":"https:\/\/www.diasdavilaacontece.com\/index.php?rest_route=\/wp\/v2\/posts"}],"about":[{"href":"https:\/\/www.diasdavilaacontece.com\/index.php?rest_route=\/wp\/v2\/types\/post"}],"author":[{"embeddable":true,"href":"https:\/\/www.diasdavilaacontece.com\/index.php?rest_route=\/wp\/v2\/users\/1"}],"replies":[{"embeddable":true,"href":"https:\/\/www.diasdavilaacontece.com\/index.php?rest_route=%2Fwp%2Fv2%2Fcomments&post=34264"}],"version-history":[{"count":1,"href":"https:\/\/www.diasdavilaacontece.com\/index.php?rest_route=\/wp\/v2\/posts\/34264\/revisions"}],"predecessor-version":[{"id":34266,"href":"https:\/\/www.diasdavilaacontece.com\/index.php?rest_route=\/wp\/v2\/posts\/34264\/revisions\/34266"}],"wp:featuredmedia":[{"embeddable":true,"href":"https:\/\/www.diasdavilaacontece.com\/index.php?rest_route=\/wp\/v2\/media\/34265"}],"wp:attachment":[{"href":"https:\/\/www.diasdavilaacontece.com\/index.php?rest_route=%2Fwp%2Fv2%2Fmedia&parent=34264"}],"wp:term":[{"taxonomy":"category","embeddable":true,"href":"https:\/\/www.diasdavilaacontece.com\/index.php?rest_route=%2Fwp%2Fv2%2Fcategories&post=34264"},{"taxonomy":"post_tag","embeddable":true,"href":"https:\/\/www.diasdavilaacontece.com\/index.php?rest_route=%2Fwp%2Fv2%2Ftags&post=34264"}],"curies":[{"name":"wp","href":"https:\/\/api.w.org\/{rel}","templated":true}]}}