{"id":34270,"date":"2022-03-29T15:16:54","date_gmt":"2022-03-29T15:16:54","guid":{"rendered":"https:\/\/www.diasdavilaacontece.com\/?p=34270"},"modified":"2022-03-29T15:16:54","modified_gmt":"2022-03-29T15:16:54","slug":"28-03-homem-de-31-anos-e-assassinado-dentro-do-bar-no-bairro-do-bosque","status":"publish","type":"post","link":"https:\/\/www.diasdavilaacontece.com\/?p=34270","title":{"rendered":"28\/03: HOMEM DE 31 ANOS \u00c9 ASSASSINADO DENTRO DO BAR NO BAIRRO DO BOSQUE"},"content":{"rendered":"<p>A cidade de Dias d&#8217;\u00c1vila registra mais um homic\u00eddio em suas ruas.<\/p>\n<p>A ocorr\u00eancia em quest\u00e3o se deu no Bairro do Bosque, na rua principal da localidade, onde Jonathan Souza da Paix\u00e3o, de 31 anos, foi vitimado \u00e0 tiros por volta das 20 horas da noite.<\/p>\n<p>Conforme informa\u00e7\u00e3o, pessoas desconhecidas a bordo de um ve\u00edculo n\u00e3o identificado, efetuou os disparos sem descerem do carro e evadiram tomando rumo ignorado. N\u00e3o se sabe ainda a motiva\u00e7\u00e3o do crime.<\/p>\n<p>&nbsp;<\/p>\n<h3>Related Images:<\/h3>","protected":false},"excerpt":{"rendered":"<p>A cidade de Dias d&#8217;\u00c1vila registra mais um homic\u00eddio em suas ruas. A ocorr\u00eancia em&#8230;<\/p>\n","protected":false},"author":1,"featured_media":32955,"comment_status":"closed","ping_status":"open","sticky":false,"template":"","format":"standard","meta":{"sfsi_plus_gutenberg_text_before_share":"","sfsi_plus_gutenberg_show_text_before_share":"","sfsi_plus_gutenberg_icon_type":"","sfsi_plus_gutenberg_icon_alignemt":"","sfsi_plus_gutenburg_max_per_row":"","_exactmetrics_skip_tracking":false,"_exactmetrics_sitenote_active":false,"_exactmetrics_sitenote_note":"","_exactmetrics_sitenote_category":0,"ngg_post_thumbnail":0,"footnotes":""},"categories":[56],"tags":[],"class_list":["post-34270","post","type-post","status-publish","format-standard","has-post-thumbnail","hentry","category-dias-davila"],"_links":{"self":[{"href":"https:\/\/www.diasdavilaacontece.com\/index.php?rest_route=\/wp\/v2\/posts\/34270","targetHints":{"allow":["GET"]}}],"collection":[{"href":"https:\/\/www.diasdavilaacontece.com\/index.php?rest_route=\/wp\/v2\/posts"}],"about":[{"href":"https:\/\/www.diasdavilaacontece.com\/index.php?rest_route=\/wp\/v2\/types\/post"}],"author":[{"embeddable":true,"href":"https:\/\/www.diasdavilaacontece.com\/index.php?rest_route=\/wp\/v2\/users\/1"}],"replies":[{"embeddable":true,"href":"https:\/\/www.diasdavilaacontece.com\/index.php?rest_route=%2Fwp%2Fv2%2Fcomments&post=34270"}],"version-history":[{"count":1,"href":"https:\/\/www.diasdavilaacontece.com\/index.php?rest_route=\/wp\/v2\/posts\/34270\/revisions"}],"predecessor-version":[{"id":34271,"href":"https:\/\/www.diasdavilaacontece.com\/index.php?rest_route=\/wp\/v2\/posts\/34270\/revisions\/34271"}],"wp:featuredmedia":[{"embeddable":true,"href":"https:\/\/www.diasdavilaacontece.com\/index.php?rest_route=\/wp\/v2\/media\/32955"}],"wp:attachment":[{"href":"https:\/\/www.diasdavilaacontece.com\/index.php?rest_route=%2Fwp%2Fv2%2Fmedia&parent=34270"}],"wp:term":[{"taxonomy":"category","embeddable":true,"href":"https:\/\/www.diasdavilaacontece.com\/index.php?rest_route=%2Fwp%2Fv2%2Fcategories&post=34270"},{"taxonomy":"post_tag","embeddable":true,"href":"https:\/\/www.diasdavilaacontece.com\/index.php?rest_route=%2Fwp%2Fv2%2Ftags&post=34270"}],"curies":[{"name":"wp","href":"https:\/\/api.w.org\/{rel}","templated":true}]}}