{"id":34272,"date":"2022-03-29T15:21:59","date_gmt":"2022-03-29T15:21:59","guid":{"rendered":"https:\/\/www.diasdavilaacontece.com\/?p=34272"},"modified":"2022-03-29T15:21:59","modified_gmt":"2022-03-29T15:21:59","slug":"salvador-amanhece-sem-coletivos-no-seu-aniversario-de-473-anos","status":"publish","type":"post","link":"https:\/\/www.diasdavilaacontece.com\/?p=34272","title":{"rendered":"SALVADOR AMANHECE SEM COLETIVOS NO SEU ANIVERS\u00c1RIO DE 473 ANOS"},"content":{"rendered":"<p>Pontos lotados, tr\u00e2nsito sem circula\u00e7\u00e3o de \u00f4nibus e transtornos tomaram conta da manh\u00e3 desta ter\u00e7a-feira (29), no dia do anivers\u00e1rio de 473 anos de Salvador.<a href=\"https:\/\/www.bnews.com.br\/noticias\/salvador\/onibus-de-salvador-sairao-mais-tarde-das-garagens-nesta-terca-feira-29-entenda.html\" target=\"_blank\" rel=\"noopener\">&nbsp;Essas consequ\u00eancias foram em raz\u00e3o da paralisa\u00e7\u00e3o de \u00f4nibus da capital, que durou at\u00e9 \u00e0s 08h.<\/a><\/p>\n<p>Para reivindicar reajustes de 15% do sal\u00e1rio e 20% do ticket de alimenta\u00e7\u00e3o, a categoria dos rodovi\u00e1rios n\u00e3o saiu de nenhuma das nove garagens localizadas em Salvador para realizar assembleias e discutir seus direitos trabalhistas.<\/p>\n<p>Al\u00e9m disso, os trabalhadores tamb\u00e9m&nbsp;<a href=\"https:\/\/www.bnews.com.br\/noticias\/salvador\/rodoviarios-fazem-protesto-na-estacao-da-lapa-para-cobrar-pagamento-de-rescisoes.html\" target=\"_blank\" rel=\"noopener\">protestaram pela resolu\u00e7\u00e3o das demandas dos rodovi\u00e1rios demitidos da extinta Cons\u00f3rcio Salvador Norte (CSN)<\/a>&nbsp;\u2013 que h\u00e1 um ano teve o contrato reincidido junto a Prefeitura e n\u00e3o foi dada ainda nenhuma solu\u00e7\u00e3o para os trabalhadores que aguardam as verbas indenizat\u00f3rias sem pagamento.<\/p>\n<p>Nas ruas, o cen\u00e1rio era de transtorno e atrasos para compromissos. Com os pontos de \u00f4nibus lotados, os trabalhadores e estudantes tiveram que esperar at\u00e9 cerca de 8h40 para come\u00e7arem a se deslocar aos seus destinos finais, j\u00e1 que ainda demorou para o servi\u00e7o normalizar.<\/p>\n<p>Questionado, um rodovi\u00e1rio, que preferiu n\u00e3o se identificar, informou que ainda n\u00e3o h\u00e1 previs\u00e3o para uma nova paralisa\u00e7\u00e3o.<\/p>\n<p>Os representantes da categoria n\u00e3o SE MANIFESTARAM at\u00e9 o fechamento da mat\u00e9ria.<\/p>\n<p>&nbsp;<\/p>\n<p>.<\/p>\n<p>Foto: <span class=\"d-inline-block\">Joilson C\u00e9sar<\/span>&nbsp; &nbsp;&nbsp;<\/p>\n<p>Reda\u00e7\u00e3o: Yasmim Barreto<\/p>\n<p>Fonte &#8211; BNews<\/p>\n<h3>Related Images:<\/h3>","protected":false},"excerpt":{"rendered":"<p>Pontos lotados, tr\u00e2nsito sem circula\u00e7\u00e3o de \u00f4nibus e transtornos tomaram conta da manh\u00e3 desta ter\u00e7a-feira&#8230;<\/p>\n","protected":false},"author":1,"featured_media":34273,"comment_status":"closed","ping_status":"open","sticky":false,"template":"","format":"standard","meta":{"sfsi_plus_gutenberg_text_before_share":"","sfsi_plus_gutenberg_show_text_before_share":"","sfsi_plus_gutenberg_icon_type":"","sfsi_plus_gutenberg_icon_alignemt":"","sfsi_plus_gutenburg_max_per_row":"","_exactmetrics_skip_tracking":false,"_exactmetrics_sitenote_active":false,"_exactmetrics_sitenote_note":"","_exactmetrics_sitenote_category":0,"ngg_post_thumbnail":0,"footnotes":""},"categories":[5],"tags":[],"class_list":["post-34272","post","type-post","status-publish","format-standard","has-post-thumbnail","hentry","category-destaques"],"_links":{"self":[{"href":"https:\/\/www.diasdavilaacontece.com\/index.php?rest_route=\/wp\/v2\/posts\/34272","targetHints":{"allow":["GET"]}}],"collection":[{"href":"https:\/\/www.diasdavilaacontece.com\/index.php?rest_route=\/wp\/v2\/posts"}],"about":[{"href":"https:\/\/www.diasdavilaacontece.com\/index.php?rest_route=\/wp\/v2\/types\/post"}],"author":[{"embeddable":true,"href":"https:\/\/www.diasdavilaacontece.com\/index.php?rest_route=\/wp\/v2\/users\/1"}],"replies":[{"embeddable":true,"href":"https:\/\/www.diasdavilaacontece.com\/index.php?rest_route=%2Fwp%2Fv2%2Fcomments&post=34272"}],"version-history":[{"count":1,"href":"https:\/\/www.diasdavilaacontece.com\/index.php?rest_route=\/wp\/v2\/posts\/34272\/revisions"}],"predecessor-version":[{"id":34274,"href":"https:\/\/www.diasdavilaacontece.com\/index.php?rest_route=\/wp\/v2\/posts\/34272\/revisions\/34274"}],"wp:featuredmedia":[{"embeddable":true,"href":"https:\/\/www.diasdavilaacontece.com\/index.php?rest_route=\/wp\/v2\/media\/34273"}],"wp:attachment":[{"href":"https:\/\/www.diasdavilaacontece.com\/index.php?rest_route=%2Fwp%2Fv2%2Fmedia&parent=34272"}],"wp:term":[{"taxonomy":"category","embeddable":true,"href":"https:\/\/www.diasdavilaacontece.com\/index.php?rest_route=%2Fwp%2Fv2%2Fcategories&post=34272"},{"taxonomy":"post_tag","embeddable":true,"href":"https:\/\/www.diasdavilaacontece.com\/index.php?rest_route=%2Fwp%2Fv2%2Ftags&post=34272"}],"curies":[{"name":"wp","href":"https:\/\/api.w.org\/{rel}","templated":true}]}}