{"id":34275,"date":"2022-03-29T22:36:01","date_gmt":"2022-03-29T22:36:01","guid":{"rendered":"https:\/\/www.diasdavilaacontece.com\/?p=34275"},"modified":"2022-03-29T22:36:01","modified_gmt":"2022-03-29T22:36:01","slug":"tribunal-de-justica-da-bahia-determina-que-a-prefeitura-regularize-o-repasse-do-duodecimo-para-a-camara","status":"publish","type":"post","link":"https:\/\/www.diasdavilaacontece.com\/?p=34275","title":{"rendered":"TRIBUNAL DE JUSTI\u00c7A DA BAHIA DETERMINA QUE A PREFEITURA REGULARIZE O REPASSE DO DUOD\u00c9CIMO PARA A C\u00c2MARA"},"content":{"rendered":"<p>O juiz Josemar Dias Cerqueira, do Tribunal de Justi\u00e7a da Bahia, determinou que a Prefeitura de Dias d&#8217;\u00c1vila efetive o pagamento ou apresente prova de regularidade do repasse integral do duod\u00e9cimo \u00e0 C\u00e2mara Municipal. A determina\u00e7\u00e3o tem car\u00e1ter liminar e atende parcialmente o mandado de seguran\u00e7a impetrado pelo Presidente&nbsp; da C\u00e2mara, o vereador pepista Renato Henrique, que questionou na justi\u00e7a o valor que vem sendo repassado pela prefeitura neste ano de 2022.<\/p>\n<p>&#8220;Do exposto e do que os autos constam, acolho o pedido de reconsidera\u00e7\u00e3o e concedo parcialmente a liminar, determinando que a parte impetrada, efetive ou apresente prova da regularidade do repasse do valor apontado na inicial e nos per\u00edodos seguintes no prazo de 24 horas, sob \u00f4nus de bloqueio de verba devida, al\u00e9m da configura\u00e7\u00e3o dos il\u00edcitos pertinentes e apura\u00e7\u00e3o de ato de improbidade. N\u00e3o havendo prova do repasse no prazo determinado, proceda-se o bloqueio da verba pendente junto \u00e0 institui\u00e7\u00e3o banc\u00e1ria&#8221;, consta na decis\u00e3o.<\/p>\n<p>Renato Henrique aponta que at\u00e9 o momento os valores do duod\u00e9cimo repassados pelo prefeito Alberto Castro &#8211; PSDB, s\u00e3o menores que o previsto pelo Tribunal de Contas do Munic\u00edpios do Estado da Bahia, que \u00e9 no valor de R$804.310,26 por m\u00eas. O edil confirma os pagamentos de R$435.624,68 em 20 de janeiro; R$581.068,79 em 18 de fevereiro; e de R$579.559,34 em 18 de mar\u00e7o.<\/p>\n<p>Nos autos do processo, a prefeitura de Dias d&#8217;\u00c1vila alegou que em &#8220;situa\u00e7\u00f5es excepcionais&#8221; \u00e9 autorizado o repasse parcial do duod\u00e9cimo. &#8220;O ju\u00edzo n\u00e3o encontrou, por conseguinte, as exce\u00e7\u00f5es que justificariam a excepcionalidade da reten\u00e7\u00e3o dos destes duod\u00e9cimos&#8221; &#8211; pontua a decis\u00e3o expedida hoje.<\/p>\n<p>&nbsp;<\/p>\n<h3>Related Images:<\/h3>","protected":false},"excerpt":{"rendered":"<p>O juiz Josemar Dias Cerqueira, do Tribunal de Justi\u00e7a da Bahia, determinou que a Prefeitura&#8230;<\/p>\n","protected":false},"author":1,"featured_media":34279,"comment_status":"closed","ping_status":"open","sticky":false,"template":"","format":"standard","meta":{"sfsi_plus_gutenberg_text_before_share":"","sfsi_plus_gutenberg_show_text_before_share":"","sfsi_plus_gutenberg_icon_type":"","sfsi_plus_gutenberg_icon_alignemt":"","sfsi_plus_gutenburg_max_per_row":"","_exactmetrics_skip_tracking":false,"_exactmetrics_sitenote_active":false,"_exactmetrics_sitenote_note":"","_exactmetrics_sitenote_category":0,"ngg_post_thumbnail":0,"footnotes":""},"categories":[56],"tags":[],"class_list":["post-34275","post","type-post","status-publish","format-standard","has-post-thumbnail","hentry","category-dias-davila"],"_links":{"self":[{"href":"https:\/\/www.diasdavilaacontece.com\/index.php?rest_route=\/wp\/v2\/posts\/34275","targetHints":{"allow":["GET"]}}],"collection":[{"href":"https:\/\/www.diasdavilaacontece.com\/index.php?rest_route=\/wp\/v2\/posts"}],"about":[{"href":"https:\/\/www.diasdavilaacontece.com\/index.php?rest_route=\/wp\/v2\/types\/post"}],"author":[{"embeddable":true,"href":"https:\/\/www.diasdavilaacontece.com\/index.php?rest_route=\/wp\/v2\/users\/1"}],"replies":[{"embeddable":true,"href":"https:\/\/www.diasdavilaacontece.com\/index.php?rest_route=%2Fwp%2Fv2%2Fcomments&post=34275"}],"version-history":[{"count":3,"href":"https:\/\/www.diasdavilaacontece.com\/index.php?rest_route=\/wp\/v2\/posts\/34275\/revisions"}],"predecessor-version":[{"id":34280,"href":"https:\/\/www.diasdavilaacontece.com\/index.php?rest_route=\/wp\/v2\/posts\/34275\/revisions\/34280"}],"wp:featuredmedia":[{"embeddable":true,"href":"https:\/\/www.diasdavilaacontece.com\/index.php?rest_route=\/wp\/v2\/media\/34279"}],"wp:attachment":[{"href":"https:\/\/www.diasdavilaacontece.com\/index.php?rest_route=%2Fwp%2Fv2%2Fmedia&parent=34275"}],"wp:term":[{"taxonomy":"category","embeddable":true,"href":"https:\/\/www.diasdavilaacontece.com\/index.php?rest_route=%2Fwp%2Fv2%2Fcategories&post=34275"},{"taxonomy":"post_tag","embeddable":true,"href":"https:\/\/www.diasdavilaacontece.com\/index.php?rest_route=%2Fwp%2Fv2%2Ftags&post=34275"}],"curies":[{"name":"wp","href":"https:\/\/api.w.org\/{rel}","templated":true}]}}