{"id":41243,"date":"2023-08-28T11:37:30","date_gmt":"2023-08-28T11:37:30","guid":{"rendered":"https:\/\/www.diasdavilaacontece.com\/?p=41243"},"modified":"2023-08-28T16:47:38","modified_gmt":"2023-08-28T16:47:38","slug":"9-pessoas-sao-encontradas-mortas-na-zona-rural-de-mata-de-sao-joao-duas-criancas-entre-os-corpos","status":"publish","type":"post","link":"https:\/\/www.diasdavilaacontece.com\/?p=41243","title":{"rendered":"9 PESSOAS S\u00c3O ENCONTRADAS MORTAS NA ZONA RURAL DE MATA DE S\u00c3O JO\u00c3O &#8211; 3 CRIAN\u00c7AS ENTRE OS CORPOS"},"content":{"rendered":"<p>Nove corpos foram encontrados carbonizados em duas resid\u00eancias vizinhas, na madrugada desta segunda-feira (28), na cidade de Mata de S\u00e3o Jo\u00e3o, no Bairro do Port\u00e3o, zona rural pr\u00f3xima a cidade. Segundo informa\u00e7\u00f5es, a ocorr\u00eancia se deu por volta das 4 horas da manh\u00e3. Duas crian\u00e7as est\u00e3o entre as v\u00edtimas, mas suas idades n\u00e3o podem ser confirmadas pela pol\u00edcia porque todos os corpos est\u00e3o carbonizados. Sete corpos estavam em uma casa e os outros dois na segunda casa.<\/p>\n<p>Maiores informa\u00e7\u00f5es ser\u00e3o repassadas assim que a Secretaria de Seguran\u00e7a P\u00fablica liberar.<\/p>\n<p>&nbsp;<\/p>\n<h3>Related Images:<\/h3>","protected":false},"excerpt":{"rendered":"<p>Nove corpos foram encontrados carbonizados em duas resid\u00eancias vizinhas, na madrugada desta segunda-feira (28), na&#8230;<\/p>\n","protected":false},"author":1,"featured_media":40806,"comment_status":"closed","ping_status":"open","sticky":false,"template":"","format":"standard","meta":{"sfsi_plus_gutenberg_text_before_share":"","sfsi_plus_gutenberg_show_text_before_share":"","sfsi_plus_gutenberg_icon_type":"","sfsi_plus_gutenberg_icon_alignemt":"","sfsi_plus_gutenburg_max_per_row":"","_exactmetrics_skip_tracking":false,"_exactmetrics_sitenote_active":false,"_exactmetrics_sitenote_note":"","_exactmetrics_sitenote_category":0,"ngg_post_thumbnail":0,"footnotes":""},"categories":[115],"tags":[],"class_list":["post-41243","post","type-post","status-publish","format-standard","has-post-thumbnail","hentry","category-acontece"],"_links":{"self":[{"href":"https:\/\/www.diasdavilaacontece.com\/index.php?rest_route=\/wp\/v2\/posts\/41243","targetHints":{"allow":["GET"]}}],"collection":[{"href":"https:\/\/www.diasdavilaacontece.com\/index.php?rest_route=\/wp\/v2\/posts"}],"about":[{"href":"https:\/\/www.diasdavilaacontece.com\/index.php?rest_route=\/wp\/v2\/types\/post"}],"author":[{"embeddable":true,"href":"https:\/\/www.diasdavilaacontece.com\/index.php?rest_route=\/wp\/v2\/users\/1"}],"replies":[{"embeddable":true,"href":"https:\/\/www.diasdavilaacontece.com\/index.php?rest_route=%2Fwp%2Fv2%2Fcomments&post=41243"}],"version-history":[{"count":2,"href":"https:\/\/www.diasdavilaacontece.com\/index.php?rest_route=\/wp\/v2\/posts\/41243\/revisions"}],"predecessor-version":[{"id":41248,"href":"https:\/\/www.diasdavilaacontece.com\/index.php?rest_route=\/wp\/v2\/posts\/41243\/revisions\/41248"}],"wp:featuredmedia":[{"embeddable":true,"href":"https:\/\/www.diasdavilaacontece.com\/index.php?rest_route=\/wp\/v2\/media\/40806"}],"wp:attachment":[{"href":"https:\/\/www.diasdavilaacontece.com\/index.php?rest_route=%2Fwp%2Fv2%2Fmedia&parent=41243"}],"wp:term":[{"taxonomy":"category","embeddable":true,"href":"https:\/\/www.diasdavilaacontece.com\/index.php?rest_route=%2Fwp%2Fv2%2Fcategories&post=41243"},{"taxonomy":"post_tag","embeddable":true,"href":"https:\/\/www.diasdavilaacontece.com\/index.php?rest_route=%2Fwp%2Fv2%2Ftags&post=41243"}],"curies":[{"name":"wp","href":"https:\/\/api.w.org\/{rel}","templated":true}]}}