{"id":41265,"date":"2023-08-29T19:17:41","date_gmt":"2023-08-29T19:17:41","guid":{"rendered":"https:\/\/www.diasdavilaacontece.com\/?p=41265"},"modified":"2023-08-29T19:17:41","modified_gmt":"2023-08-29T19:17:41","slug":"lula-anuncia-a-criacao-do-38o-ministerio-o-da-pequena-e-media-empresa","status":"publish","type":"post","link":"https:\/\/www.diasdavilaacontece.com\/?p=41265","title":{"rendered":"LULA ANUNCIA A CRIA\u00c7\u00c3O DO 38\u00ba MINIST\u00c9RIO: O DA PEQUENA E M\u00c9DIA EMPRESA"},"content":{"rendered":"<p>O presidente Luiz In\u00e1cio Lula da Silva confirmou nesta ter\u00e7a-feira (29) o desejo de criar o Minist\u00e9rio da Pequena e M\u00e9dia Empresa, Cooperativas e Empreendedores Individuais. Caso se confirme, ser\u00e1 a 38\u00aa pasta do governo federal, na terceira gest\u00e3o do petista.<\/p>\n<p>\u201cEu estou propondo a cria\u00e7\u00e3o do minist\u00e9rio da Pequena e M\u00e9dia Empresa, das cooperativas e dos empreendedores individuais, para que tenha um minist\u00e9rio espec\u00edfico para essa gente que precisa de cr\u00e9dito e oportunidades\u201d, afirmou Lula durante o programa Conversa com o Presidente, programa semanal transmitido pela EBC.<\/p>\n<p>\u201cQuem nasceu dentro de uma f\u00e1brica, como eu, acha que emprego \u00e9 s\u00f3 dentro de uma f\u00e1brica, mas tem gente que prefere trabalhar em casa, na rua. N\u00f3s precisamos entender que essa gente tem import\u00e2ncia, e precisamos dar condi\u00e7\u00f5es dessas pessoas terem acesso \u00e0 cr\u00e9dito para dar o pontap\u00e9 inicial\u201d, defendeu Lula.<\/p>\n<p>Ele ressaltou que, quando essa pessoa estiver ganhando dinheiro, vai pagar o cr\u00e9dito. \u201cPor isso, quero valorizar muito os microempreendedores individuais, as cooperativas, as pequenas e m\u00e9dias empresas, porque elas geram 60 ou 70% dos empregos deste pa\u00eds\u201d, concluiu o presidente.<\/p>\n<p>O que Lula n\u00e3o disse \u00e9 que o novo minist\u00e9rio tamb\u00e9m poder\u00e1 ajud\u00e1-lo a acomodar sua base pol\u00edtica, sendo destinado a um parlamentar do Centr\u00e3o, que j\u00e1 manifestou o desejo por mais cargos no primeiro escal\u00e3o do governo federal. Est\u00e1 prevista uma reforma ministerial para os pr\u00f3ximos dias.<\/p>\n<h3>Related Images:<\/h3>","protected":false},"excerpt":{"rendered":"<p>O presidente Luiz In\u00e1cio Lula da Silva confirmou nesta ter\u00e7a-feira (29) o desejo de criar&#8230;<\/p>\n","protected":false},"author":1,"featured_media":41266,"comment_status":"closed","ping_status":"open","sticky":false,"template":"","format":"standard","meta":{"sfsi_plus_gutenberg_text_before_share":"","sfsi_plus_gutenberg_show_text_before_share":"","sfsi_plus_gutenberg_icon_type":"","sfsi_plus_gutenberg_icon_alignemt":"","sfsi_plus_gutenburg_max_per_row":"","_exactmetrics_skip_tracking":false,"_exactmetrics_sitenote_active":false,"_exactmetrics_sitenote_note":"","_exactmetrics_sitenote_category":0,"ngg_post_thumbnail":0,"footnotes":""},"categories":[115],"tags":[],"class_list":["post-41265","post","type-post","status-publish","format-standard","has-post-thumbnail","hentry","category-acontece"],"_links":{"self":[{"href":"https:\/\/www.diasdavilaacontece.com\/index.php?rest_route=\/wp\/v2\/posts\/41265","targetHints":{"allow":["GET"]}}],"collection":[{"href":"https:\/\/www.diasdavilaacontece.com\/index.php?rest_route=\/wp\/v2\/posts"}],"about":[{"href":"https:\/\/www.diasdavilaacontece.com\/index.php?rest_route=\/wp\/v2\/types\/post"}],"author":[{"embeddable":true,"href":"https:\/\/www.diasdavilaacontece.com\/index.php?rest_route=\/wp\/v2\/users\/1"}],"replies":[{"embeddable":true,"href":"https:\/\/www.diasdavilaacontece.com\/index.php?rest_route=%2Fwp%2Fv2%2Fcomments&post=41265"}],"version-history":[{"count":1,"href":"https:\/\/www.diasdavilaacontece.com\/index.php?rest_route=\/wp\/v2\/posts\/41265\/revisions"}],"predecessor-version":[{"id":41267,"href":"https:\/\/www.diasdavilaacontece.com\/index.php?rest_route=\/wp\/v2\/posts\/41265\/revisions\/41267"}],"wp:featuredmedia":[{"embeddable":true,"href":"https:\/\/www.diasdavilaacontece.com\/index.php?rest_route=\/wp\/v2\/media\/41266"}],"wp:attachment":[{"href":"https:\/\/www.diasdavilaacontece.com\/index.php?rest_route=%2Fwp%2Fv2%2Fmedia&parent=41265"}],"wp:term":[{"taxonomy":"category","embeddable":true,"href":"https:\/\/www.diasdavilaacontece.com\/index.php?rest_route=%2Fwp%2Fv2%2Fcategories&post=41265"},{"taxonomy":"post_tag","embeddable":true,"href":"https:\/\/www.diasdavilaacontece.com\/index.php?rest_route=%2Fwp%2Fv2%2Ftags&post=41265"}],"curies":[{"name":"wp","href":"https:\/\/api.w.org\/{rel}","templated":true}]}}