{"id":41327,"date":"2023-09-02T11:39:32","date_gmt":"2023-09-02T11:39:32","guid":{"rendered":"https:\/\/www.diasdavilaacontece.com\/?p=41327"},"modified":"2023-09-08T00:00:14","modified_gmt":"2023-09-08T00:00:14","slug":"barroso-manda-bloquear-bens-de-juscelino-filho-ministro-de-lula","status":"publish","type":"post","link":"https:\/\/www.diasdavilaacontece.com\/?p=41327","title":{"rendered":"BARROSO MANDA BLOQUEAR BENS DE JUSCELINO FILHO, MINISTRO DE LULA"},"content":{"rendered":"<article>\n<div class=\"views-article-body articlePage_body-DS-EntryPoint1-1 articlePage_body_overrides_new-DS-EntryPoint1-1 articlePage_body_mobile_min_height-DS-EntryPoint1-1\" data-test-id=\"test-article\">\n<p data-t=\"{&quot;n&quot;:&quot;blueLinks&quot;}\">O ministro Luis Roberto barroso, do Supremo Tribunal Federal (STF), mandou bloquear bens do ministro das Comunica\u00e7\u00f5es, Juscelino Filho, e de outros investigados na Opera\u00e7\u00e3o Benesse. A Pol\u00edcia Federal aputa fraudes e desvios de verbas da Companhia de Desenvolvimento dos Vales do S\u00e3o Francisco e do parna\u00edba ( CODEVASF). O&nbsp;<b>Estad\u00e3o<\/b> apurou que h\u00e1 ind\u00edcios de desvio do dinheiro de emendas parlamentares no caso. Juscelino Filho foi alvo de pedido de busca e apreens\u00e3o da PF. O ministro Barroso negou a solicita\u00e7\u00e3o, porque julgou que se tratava de uma medida dr\u00e1stica no momento. Mandou, contudo, bloquear os valores da conta do ministro do GOVERNO LULA&nbsp;para possibilitar o ressarcimento dos cofres p\u00fablicos e deixou claro na decis\u00e3o que h\u00e1 necessidade de continuidade das investiga\u00e7\u00f5es.<\/p>\n<div class=\"mm_conteudo blog-multimidia foto\">\n<div class=\"article-image-slot image-slot-placeholder\" data-image-href=\"https:\/\/www.msn.com\/pt-br\/noticias\/brasil\/barroso-manda-bloquear-bens-de-juscelino-filho-ministro-de-lula\/ar-AA1g7aIC?ocid=mailsignout&amp;cvid=ec67e0cfc419473ba4005c4cb314d273&amp;ei=30&amp;fullscreen=true#image=1\" data-doc-id=\"cms\/api\/amp\/image\/AA1g7aI0\" data-reset-char-count=\"true\" data-rendered=\"true\">\n<div class=\"article-image-container \">\n<div class=\"image-caption-container image-caption-container-ux-impr content-small-text  \"><span class=\"image-caption\">O presidente Luiz In\u00e1cio Lula da Silva deu posse ao ministro das Comunica\u00e7\u00f5es Juscelino Filho em 1\u00ba de janeiro de 2023. Foto: Ricardo Stuckert\/PR<\/span><span class=\"image-attribution image-attribution-ux-impr\">\u00a9&nbsp;Fornecido por Estad\u00e3o<\/span><\/div>\n<\/div>\n<\/div>\n<\/div>\n<p data-t=\"{&quot;n&quot;:&quot;blueLinks&quot;}\">A ofensiva cumpre 12 mandados de busca e apreens\u00e3o na manh\u00e3 desta sexta, 1\u00ba, sendo que um dos alvos \u00e9 a prefeita Luanna Rezende, de Vitorino Freire, irm\u00e3 de Juscelino Filho. Ela foi afastada do cargo. As dilig\u00eancias s\u00e3o cumpridas n\u00e3o s\u00f3 no munic\u00edpio de 30 mil habitantes, mas tamb\u00e9m na capital maranhense, S\u00e3o Lu\u00eds, e em Bacabal.<\/p>\n<p class=\"continue-read-break\" data-t=\"{&quot;n&quot;:&quot;blueLinks&quot;}\">Em janeiro, o&nbsp;<b>Estad\u00e3o<\/b> revelou que JUSCELINO FILHO DIRECIONOU 5 MILH\u00d5ES DE REAIS DO OR\u00c7AMENTO SECRETO PARA A PREFEITURA DE VITORINO FREIRE&nbsp;asfaltar uma estrada de terra que passa em frente \u00e0 sua fazenda, no munic\u00edpio maranhense. A pedido de Juscelino, durante seu mandato como deputado federal pelo Uni\u00e3o Brasil, os recursos foram parar na prefeitura da irm\u00e3. A empresa Construservice, contratada pelo munic\u00edpio para tocar a obra, \u00e9 de Eduardo Jos\u00e9 Barros Costa, amigo de Juscelino Filho. A PF fez buscas em dois endere\u00e7os da empresa. O engenheiro da Codevasf Julimar Alves da Silva Filho, que assinou o parecer autorizando o valor or\u00e7ado para a pavimenta\u00e7\u00e3o, foi indicado pelo grupo pol\u00edtico de Juscelino Filho. Em 18 de agosto, Silva Filho foi demitido da companhia.<\/p>\n<div class=\"article-clear-div\" tabindex=\"-1\" aria-expanded=\"true\">&nbsp;<\/div>\n<h3 class=\"article-sub-heading\" tabindex=\"-1\" data-reset-char-count=\"true\" aria-expanded=\"true\">Com a palavra o ministro<\/h3>\n<p class=\"\" tabindex=\"-1\" data-t=\"{&quot;n&quot;:&quot;blueLinks&quot;}\" aria-expanded=\"true\">\u201dToda atua\u00e7\u00e3o de Juscelino Filho, como parlamentar e ministro, tem sido pautada pelo interesse p\u00fablico e atendimento da popula\u00e7\u00e3o. \u00c9 importante ressaltar que Juscelino Filho n\u00e3o foi alvo de buscas e que o inqu\u00e9rito servir\u00e1 justamente para esclarecer os fatos e demonstrar que n\u00e3o houve qualquer irregularidade. Emendas parlamentares, vale dizer, s\u00e3o instrumentos leg\u00edtimos e democr\u00e1ticos do Congresso Nacional e Juscelino Filho segue \u00e0 disposi\u00e7\u00e3o, como sempre esteve, para prestar esclarecimentos \u00e0s autoridades.\u201d<\/p>\n<p class=\"\" tabindex=\"-1\" data-t=\"{&quot;n&quot;:&quot;blueLinks&quot;}\" aria-expanded=\"true\">Ticiano Figueiredo e Pedro Ivo Velloso, advogados de Juscelino Filho.<\/p>\n<h3 class=\"article-sub-heading\" tabindex=\"-1\" data-reset-char-count=\"true\" aria-expanded=\"true\">Com a palavra, a prefeita Luanna<\/h3>\n<p class=\"\" tabindex=\"-1\" data-t=\"{&quot;n&quot;:&quot;blueLinks&quot;}\" aria-expanded=\"true\">Em nota, a prefeita Luanna Rezende afirmou que tanto ela quanto o Executivo de Vitorino Freire \u201csempre se colocaram \u00e0 disposi\u00e7\u00e3o das autoridades e \u00f3rg\u00e3o de controle para prestar quaisquer tipos de esclarecimentos e entrega de documentos relacionados \u00e0 investiga\u00e7\u00e3o em curso\u201d. A prefeita declarou que a obra da estrada, alvo de investiga\u00e7\u00e3o, atende a 13 comunidades.<\/p>\n<p class=\"\" tabindex=\"-1\" data-t=\"{&quot;n&quot;:&quot;blueLinks&quot;}\" aria-expanded=\"true\">A irm\u00e3 de Juscelino defendeu o uso da emenda parlamentar, \u201cum instrumento leg\u00edtimo\u201d. Luanna Rezende negou que a PF tenha apreendido dinheiro vivo em seus endere\u00e7os ou da prefeitura. Segundo ela, \u201csomente documentos e arquivos eletr\u00f4nicos foram levados na opera\u00e7\u00e3o\u201d.<\/p>\n<p class=\"\" tabindex=\"-1\" data-t=\"{&quot;n&quot;:&quot;blueLinks&quot;}\" aria-expanded=\"true\">\u201dCiente que em breve toda a verdade ser\u00e1 estabelecida, e a administra\u00e7\u00e3o do munic\u00edpio de Vitorino Freire voltar\u00e1 \u00e0 normalidade, a prefeita Luanna est\u00e1 contribuindo com a Justi\u00e7a e se colocando \u00e0 disposi\u00e7\u00e3o para os devidos esclarecimentos\u201d, afirmou a prefeita.<\/p>\n<h3 class=\"article-sub-heading\" tabindex=\"-1\" data-reset-char-count=\"true\" aria-expanded=\"true\">Com a palavra a Codevasf<\/h3>\n<p class=\"\" tabindex=\"-1\" data-t=\"{&quot;n&quot;:&quot;blueLinks&quot;}\" aria-expanded=\"true\">\u201cEm aten\u00e7\u00e3o a informa\u00e7\u00f5es veiculadas na manh\u00e3 desta sexta-feira (1\u00ba\/9) sobre a opera\u00e7\u00e3o Benesse, da Pol\u00edcia Federal, a Codevasf informa que colabora com o trabalho das autoridades desde a primeira fase da opera\u00e7\u00e3o Odoacro, realizada em julho de 2022. No \u00e2mbito de apura\u00e7\u00f5es internas relacionadas \u00e0s opera\u00e7\u00f5es, a Codevasf demitiu um funcion\u00e1rio no m\u00eas de agosto ap\u00f3s a conclus\u00e3o de processo conduzido por sua Corregedoria. A Companhia mant\u00e9m compromisso com a elucida\u00e7\u00e3o dos fatos e com a integridade de suas a\u00e7\u00f5es \u2014 e continuar\u00e1 a prover suporte integral ao trabalho das autoridades policiais e da Justi\u00e7a\u201d.<\/p>\n<h2 class=\"article-sub-heading\" tabindex=\"-1\" aria-expanded=\"true\">Com a palavra, a Construservice<\/h2>\n<p class=\"\" tabindex=\"-1\" data-t=\"{&quot;n&quot;:&quot;blueLinks&quot;}\" aria-expanded=\"true\">Em nota, os advogados Daniel de Faria Jeronimo Leite Tharick Santos Ferreira informaram que a empresa Construservice est\u00e1 \u201c\u00e0 disposi\u00e7\u00e3o das autoridades constitu\u00eddas para presta\u00e7\u00e3o de quaisquer esclarecimentos e\/ou apresenta\u00e7\u00e3o de documentos que se fizerem necess\u00e1rios para demonstrar a licitude das licita\u00e7\u00f5es e contratos administrativos investigados no bojo do respectivo inqu\u00e9rito, o qual tramita no Supremo Tribunal Federal\u201d.<\/p>\n<p class=\"\" tabindex=\"-1\" data-t=\"{&quot;n&quot;:&quot;blueLinks&quot;}\" aria-expanded=\"true\">\u201dInforma, ainda, que o inqu\u00e9rito policial ainda se encontra em fase inicial e que tudo o que nele se cont\u00e9m \u00e9 fruto apenas de alegados ind\u00edcios sobre os quais sequer foi ouvida anteriormente, confiando que, doravante, com a apresenta\u00e7\u00e3o de suas raz\u00f5es e juntada de documentos no referido procedimento, demonstrar\u00e1 a improced\u00eancia das acusa\u00e7\u00f5es\u201d, disseram os advogados.<\/p>\n<h3 class=\"article-sub-heading\" tabindex=\"-1\" data-reset-char-count=\"true\" aria-expanded=\"true\">Com a Palavra, Eduardo Jos\u00e9 Barros Costa<\/h3>\n<p class=\"\" tabindex=\"-1\" data-t=\"{&quot;n&quot;:&quot;blueLinks&quot;}\" aria-expanded=\"true\">Os advogados Daniel de Faria Jeronimo Leite e Tharick Santos Ferreira, que defendem Eduardo Jos\u00e9 Barros Costa, informaram que o empres\u00e1rio n\u00e3o foi alvo da opera\u00e7\u00e3o. Contudo, disseram que ele \u201cest\u00e1 a disposi\u00e7\u00e3o da Justi\u00e7a para prestar eventuais esclarecimentos\u201d.<\/p>\n<\/div>\n<p tabindex=\"-1\" data-t=\"{&quot;n&quot;:&quot;blueLinks&quot;}\" aria-expanded=\"true\">.<\/p>\n<p tabindex=\"-1\" data-t=\"{&quot;n&quot;:&quot;blueLinks&quot;}\" aria-expanded=\"true\">Fonte &#8211; O Estad\u00e3o<\/p>\n<div class=\"subscriptionPaywall\">&nbsp;<\/div>\n<\/article>\n<h3>Related Images:<\/h3>","protected":false},"excerpt":{"rendered":"<p>O ministro Luis Roberto barroso, do Supremo Tribunal Federal (STF), mandou bloquear bens do ministro&#8230;<\/p>\n","protected":false},"author":1,"featured_media":41328,"comment_status":"closed","ping_status":"open","sticky":false,"template":"","format":"standard","meta":{"sfsi_plus_gutenberg_text_before_share":"","sfsi_plus_gutenberg_show_text_before_share":"","sfsi_plus_gutenberg_icon_type":"","sfsi_plus_gutenberg_icon_alignemt":"","sfsi_plus_gutenburg_max_per_row":"","_exactmetrics_skip_tracking":false,"_exactmetrics_sitenote_active":false,"_exactmetrics_sitenote_note":"","_exactmetrics_sitenote_category":0,"ngg_post_thumbnail":0,"footnotes":""},"categories":[115],"tags":[],"class_list":["post-41327","post","type-post","status-publish","format-standard","has-post-thumbnail","hentry","category-acontece"],"_links":{"self":[{"href":"https:\/\/www.diasdavilaacontece.com\/index.php?rest_route=\/wp\/v2\/posts\/41327","targetHints":{"allow":["GET"]}}],"collection":[{"href":"https:\/\/www.diasdavilaacontece.com\/index.php?rest_route=\/wp\/v2\/posts"}],"about":[{"href":"https:\/\/www.diasdavilaacontece.com\/index.php?rest_route=\/wp\/v2\/types\/post"}],"author":[{"embeddable":true,"href":"https:\/\/www.diasdavilaacontece.com\/index.php?rest_route=\/wp\/v2\/users\/1"}],"replies":[{"embeddable":true,"href":"https:\/\/www.diasdavilaacontece.com\/index.php?rest_route=%2Fwp%2Fv2%2Fcomments&post=41327"}],"version-history":[{"count":1,"href":"https:\/\/www.diasdavilaacontece.com\/index.php?rest_route=\/wp\/v2\/posts\/41327\/revisions"}],"predecessor-version":[{"id":41329,"href":"https:\/\/www.diasdavilaacontece.com\/index.php?rest_route=\/wp\/v2\/posts\/41327\/revisions\/41329"}],"wp:featuredmedia":[{"embeddable":true,"href":"https:\/\/www.diasdavilaacontece.com\/index.php?rest_route=\/wp\/v2\/media\/41328"}],"wp:attachment":[{"href":"https:\/\/www.diasdavilaacontece.com\/index.php?rest_route=%2Fwp%2Fv2%2Fmedia&parent=41327"}],"wp:term":[{"taxonomy":"category","embeddable":true,"href":"https:\/\/www.diasdavilaacontece.com\/index.php?rest_route=%2Fwp%2Fv2%2Fcategories&post=41327"},{"taxonomy":"post_tag","embeddable":true,"href":"https:\/\/www.diasdavilaacontece.com\/index.php?rest_route=%2Fwp%2Fv2%2Ftags&post=41327"}],"curies":[{"name":"wp","href":"https:\/\/api.w.org\/{rel}","templated":true}]}}