{"id":41330,"date":"2023-09-02T11:47:21","date_gmt":"2023-09-02T11:47:21","guid":{"rendered":"https:\/\/www.diasdavilaacontece.com\/?p=41330"},"modified":"2023-09-02T11:47:21","modified_gmt":"2023-09-02T11:47:21","slug":"india-asia-australia-e-oceania-batem-recorde-de-temperatura-alta","status":"publish","type":"post","link":"https:\/\/www.diasdavilaacontece.com\/?p=41330","title":{"rendered":"\u00cdNDIA, \u00c1SIA, AUSTR\u00c1LIA E OCEANIA BATEM RECORDE DE TEMPERATURA ALTA"},"content":{"rendered":"<article>\n<div class=\"views-article-body articlePage_body-DS-EntryPoint1-1 articlePage_body_overrides_new-DS-EntryPoint1-1 articlePage_body_mobile_min_height-DS-EntryPoint1-1\" data-test-id=\"test-article\">\n<p data-t=\"{&quot;n&quot;:&quot;blueLinks&quot;}\">\u00c1sia e Oceania bateram recordes de temperatura recentemente, da \u00cdndia \u00e0 Austr\u00e1lia, passando pelo Jap\u00e3o, anunciaram as autoridades locais nesta sexta-feira (1), em mais uma evid\u00eancia do impacto da mudan\u00e7a clim\u00e1tica. O aumento das temperaturas foi registrado ap\u00f3s v\u00e1rios alertas dos cientistas, que avisam h\u00e1 muitos anos que o planeta est\u00e1 aquecendo, e coincidiu com os recordes de calor em pa\u00edses como Gr\u00e9cia e Canad\u00e1, que sofreram grandes inc\u00eandios florestais.<\/p>\n<p data-t=\"{&quot;n&quot;:&quot;blueLinks&quot;}\">Na \u00cdndia, o pa\u00eds de maior popula\u00e7\u00e3o do mundo, as autoridades anunciaram que agosto foi o m\u00eas mais quente e seco desde que o pa\u00eds come\u00e7ou a registrar as temperaturas, h\u00e1 mais de um s\u00e9culo. Agosto \u00e9 o m\u00eas que marca o meio da temporada anual de mon\u00e7\u00e3o na \u00cdndia, que, em geral, provoca 80% das chuvas anuais do pa\u00eds. As mon\u00e7\u00f5es provocaram inunda\u00e7\u00f5es fatais em algumas \u00e1reas do norte da \u00cdndia, mas, no geral, as chuvas foram mais moderadas do que o habitual.<\/p>\n<p data-t=\"{&quot;n&quot;:&quot;blueLinks&quot;}\">Os dados do Departamento de Meteorologia da \u00cdndia (IMD) mostram que a m\u00e9dia de chuvas e em agosto foi de 161,7 mm, 30,1 mm a menos que o recorde m\u00ednimo anterior, registrado em agosto de 2005.<\/p>\n<p data-t=\"{&quot;n&quot;:&quot;blueLinks&quot;}\">O cen\u00e1rio provocou um calor extremo no pa\u00eds.<\/p>\n<p data-t=\"{&quot;n&quot;:&quot;blueLinks&quot;}\">&#8220;As temperaturas m\u00e9dias e m\u00e1ximas em agosto de 2023 foram as mais elevadas desde 1901&#8221;, afirmou o departamento.<\/p>\n<p class=\"continue-read-break\" data-t=\"{&quot;n&quot;:&quot;blueLinks&quot;}\">&#8220;A consider\u00e1vel escassez de chuvas e a fragilidade das mon\u00e7\u00f5es s\u00e3o as principais raz\u00f5es&#8221;, explicou o IMD.&nbsp;<\/p>\n<p class=\"\" tabindex=\"-1\" data-t=\"{&quot;n&quot;:&quot;blueLinks&quot;}\" aria-expanded=\"true\">As autoridades do Jap\u00e3o tamb\u00e9m anunciaram nesta sexta-feira que o pa\u00eds enfrentou o ver\u00e3o mais quente desde que o pa\u00eds come\u00e7ou a registrar as temperaturas, em 1898.<\/p>\n<p class=\"\" tabindex=\"-1\" data-t=\"{&quot;n&quot;:&quot;blueLinks&quot;}\" aria-expanded=\"true\">A temperatura m\u00e9dia entre junho e agosto foi &#8220;consideravelmente maior no norte, leste e oeste&#8221; do pa\u00eds, afirmou a ag\u00eancia meteorol\u00f3gica do Jap\u00e3o, que destacou &#8220;temperaturas mais elevadas para um ver\u00e3o&#8221;(hemisf\u00e9rio norte) desde 1898.<\/p>\n<p class=\"\" tabindex=\"-1\" data-t=\"{&quot;n&quot;:&quot;blueLinks&quot;}\" aria-expanded=\"true\">Em muitas localidades, &#8220;n\u00e3o apenas as temperaturas m\u00e1ximas, como tamb\u00e9m as m\u00ednimas&#8221;, registraram recordes.<\/p>\n<p class=\"\" tabindex=\"-1\" data-t=\"{&quot;n&quot;:&quot;blueLinks&quot;}\" aria-expanded=\"true\">E na Austr\u00e1lia, o inverno foi o mais quente j\u00e1 registrado, com uma temperatura m\u00e9dia de 16,75 graus Celsius entre junho e agosto.&nbsp;<\/p>\n<p class=\"\" tabindex=\"-1\" data-t=\"{&quot;n&quot;:&quot;blueLinks&quot;}\" aria-expanded=\"true\">Um n\u00edvel levemente superior ao recorde anterior, estabelecido em 1996, e muito acima da m\u00e9dia registrada desde o in\u00edcio dos registros das temperaturas, em 1910, informou a ag\u00eancia meteorol\u00f3gica australiana.<\/p>\n<p class=\"\" tabindex=\"-1\" data-t=\"{&quot;n&quot;:&quot;blueLinks&quot;}\" aria-expanded=\"true\">&#8211; &#8220;Mais intenso e mais frequente&#8221; &#8211;<\/p>\n<p class=\"\" tabindex=\"-1\" data-t=\"{&quot;n&quot;:&quot;blueLinks&quot;}\" aria-expanded=\"true\">A mudan\u00e7a clim\u00e1tica provocou aumentos de temperatura em todo o planeta este ano, e julho foi o m\u00eas mais quente j\u00e1 registrado na Terra.<\/p>\n<p class=\"\" tabindex=\"-1\" data-t=\"{&quot;n&quot;:&quot;blueLinks&quot;}\" aria-expanded=\"true\">Os cientistas alertam h\u00e1 v\u00e1rios anos que a mudan\u00e7a clim\u00e1tica provoca ondas de calor mais intensas, longas e frequentes.<\/p>\n<p class=\"\" tabindex=\"-1\" data-t=\"{&quot;n&quot;:&quot;blueLinks&quot;}\" aria-expanded=\"true\">Al\u00e9m disso, o fen\u00f4meno meteorol\u00f3gico El Ni\u00f1o, cada vez mais quente, pode elevar ainda mais o n\u00edvel dos term\u00f4metros, embora seus efeitos provavelmente s\u00f3 comecem a ser percebidos nos dentro de alguns meses.<\/p>\n<p class=\"\" tabindex=\"-1\" data-t=\"{&quot;n&quot;:&quot;blueLinks&quot;}\" aria-expanded=\"true\">As ondas de calor est\u00e3o entre os perigos naturais mais letais e, a cada ano, provocam centenas de milhares de mortes por causas relacionadas com a temperatura que poderiam ser evitadas.&nbsp;<\/p>\n<p class=\"\" tabindex=\"-1\" data-t=\"{&quot;n&quot;:&quot;blueLinks&quot;}\" aria-expanded=\"true\">Nos pa\u00edses desenvolvidos, elementos como o ar condicionado podem contribuir para atenuar o impacto.&nbsp;<\/p>\n<p class=\"\" tabindex=\"-1\" data-t=\"{&quot;n&quot;:&quot;blueLinks&quot;}\" aria-expanded=\"true\">Por\u00e9m, mesmo no Jap\u00e3o, um pa\u00eds rico, as autoridades informaram que pelo menos 53 pessoas morreram v\u00edtimas do calor em julho e quase 50.000 precisaram de atendimento m\u00e9dico urgente.<\/p>\n<p class=\"\" tabindex=\"-1\" data-t=\"{&quot;n&quot;:&quot;blueLinks&quot;}\" aria-expanded=\"true\">As crian\u00e7as pequenas e os idosos, com menor capacidade de regular a temperatura corporal, s\u00e3o os mais vulner\u00e1veis ao calor.<\/p>\n<p class=\"\" tabindex=\"-1\" data-t=\"{&quot;n&quot;:&quot;blueLinks&quot;}\" aria-expanded=\"true\">As pessoas que trabalham ao ar livre tamb\u00e9m correm maior risco. Mesmo uma pessoa jovem e saud\u00e1vel morreria depois de passar seis horas a 35\u00baC em um ambiente com umidade relativa do ar de 100%.<\/p>\n<p class=\"\" tabindex=\"-1\" data-t=\"{&quot;n&quot;:&quot;blueLinks&quot;}\" aria-expanded=\"true\">O calor extremo, no entanto, n\u00e3o precisa atingir este n\u00edvel para ser leta, alertam os cientistas.<\/p>\n<p class=\"\" tabindex=\"-1\" data-t=\"{&quot;n&quot;:&quot;blueLinks&quot;}\" aria-expanded=\"true\">John Nairn, especialista em calor extremo da Organiza\u00e7\u00e3o Meteorol\u00f3gica Mundial (OMM), afirmou no m\u00eas passado que as ondas de calor se tornar\u00e3o cada vez mais perigosas.<\/p>\n<p class=\"\" tabindex=\"-1\" data-t=\"{&quot;n&quot;:&quot;blueLinks&quot;}\" aria-expanded=\"true\">&#8220;As pessoas est\u00e3o muito relaxadas diante dos sinais&#8221;, lamentou. &#8220;A ci\u00eancia alertou que isto aconteceria. E n\u00e3o vai parar por aqui. Ser\u00e1 mais intenso e mais frequente&#8221;..<\/p>\n<p tabindex=\"-1\" data-t=\"{&quot;n&quot;:&quot;blueLinks&quot;}\" aria-expanded=\"true\">.<\/p>\n<p tabindex=\"-1\" data-t=\"{&quot;n&quot;:&quot;blueLinks&quot;}\" aria-expanded=\"true\">Fonte &#8211; AFP<\/p>\n<\/div>\n<div class=\"subscriptionPaywall\">&nbsp;<\/div>\n<\/article>\n<h3>Related Images:<\/h3>","protected":false},"excerpt":{"rendered":"<p>\u00c1sia e Oceania bateram recordes de temperatura recentemente, da \u00cdndia \u00e0 Austr\u00e1lia, passando pelo Jap\u00e3o,&#8230;<\/p>\n","protected":false},"author":1,"featured_media":41331,"comment_status":"closed","ping_status":"open","sticky":false,"template":"","format":"standard","meta":{"sfsi_plus_gutenberg_text_before_share":"","sfsi_plus_gutenberg_show_text_before_share":"","sfsi_plus_gutenberg_icon_type":"","sfsi_plus_gutenberg_icon_alignemt":"","sfsi_plus_gutenburg_max_per_row":"","_exactmetrics_skip_tracking":false,"_exactmetrics_sitenote_active":false,"_exactmetrics_sitenote_note":"","_exactmetrics_sitenote_category":0,"ngg_post_thumbnail":0,"footnotes":""},"categories":[115],"tags":[],"class_list":["post-41330","post","type-post","status-publish","format-standard","has-post-thumbnail","hentry","category-acontece"],"_links":{"self":[{"href":"https:\/\/www.diasdavilaacontece.com\/index.php?rest_route=\/wp\/v2\/posts\/41330","targetHints":{"allow":["GET"]}}],"collection":[{"href":"https:\/\/www.diasdavilaacontece.com\/index.php?rest_route=\/wp\/v2\/posts"}],"about":[{"href":"https:\/\/www.diasdavilaacontece.com\/index.php?rest_route=\/wp\/v2\/types\/post"}],"author":[{"embeddable":true,"href":"https:\/\/www.diasdavilaacontece.com\/index.php?rest_route=\/wp\/v2\/users\/1"}],"replies":[{"embeddable":true,"href":"https:\/\/www.diasdavilaacontece.com\/index.php?rest_route=%2Fwp%2Fv2%2Fcomments&post=41330"}],"version-history":[{"count":1,"href":"https:\/\/www.diasdavilaacontece.com\/index.php?rest_route=\/wp\/v2\/posts\/41330\/revisions"}],"predecessor-version":[{"id":41332,"href":"https:\/\/www.diasdavilaacontece.com\/index.php?rest_route=\/wp\/v2\/posts\/41330\/revisions\/41332"}],"wp:featuredmedia":[{"embeddable":true,"href":"https:\/\/www.diasdavilaacontece.com\/index.php?rest_route=\/wp\/v2\/media\/41331"}],"wp:attachment":[{"href":"https:\/\/www.diasdavilaacontece.com\/index.php?rest_route=%2Fwp%2Fv2%2Fmedia&parent=41330"}],"wp:term":[{"taxonomy":"category","embeddable":true,"href":"https:\/\/www.diasdavilaacontece.com\/index.php?rest_route=%2Fwp%2Fv2%2Fcategories&post=41330"},{"taxonomy":"post_tag","embeddable":true,"href":"https:\/\/www.diasdavilaacontece.com\/index.php?rest_route=%2Fwp%2Fv2%2Ftags&post=41330"}],"curies":[{"name":"wp","href":"https:\/\/api.w.org\/{rel}","templated":true}]}}