{"id":41350,"date":"2023-09-06T09:15:37","date_gmt":"2023-09-06T09:15:37","guid":{"rendered":"https:\/\/www.diasdavilaacontece.com\/?p=41350"},"modified":"2023-09-06T09:15:37","modified_gmt":"2023-09-06T09:15:37","slug":"entidades-que-defendem-o-combate-a-corrupcao-criticam-lula-por-defesa-do-voto-secreto-no-stf","status":"publish","type":"post","link":"https:\/\/www.diasdavilaacontece.com\/?p=41350","title":{"rendered":"ENTIDADES QUE DEFENDEM O COMBATE \u00c0 CORRUP\u00c7\u00c3O, CRITICAM LULA POR DEFESA DO VOTO SECRETO NO STF"},"content":{"rendered":"<article>\n<div class=\"views-article-body articlePage_body-DS-EntryPoint1-1 articlePage_body_overrides_new-DS-EntryPoint1-1 articlePage_body_overrides_font_update-DS-EntryPoint1-1 articlePage_body_mobile_min_height-DS-EntryPoint1-1\" data-test-id=\"test-article\">\n<p data-t=\"{&quot;n&quot;:&quot;blueLinks&quot;}\">Organiza\u00e7\u00f5es que defendem o combate \u00e0 corrup\u00e7\u00e3o no Pa\u00eds criticaram o presidente Lula (PT) por sugerir, nesta ter\u00e7a-feira, 5, que os votos proferidos por ministros do Supremo Tribunal Federal <b>(STF) <\/b>&nbsp;sejam sigilosos. Em nota, a Transpar~encia Internacional Brasil e o Instituto N\u00e3o aceito Corrup\u00e7\u00e3o (INAC) &nbsp;refor\u00e7aram que a publicidade dos julgamentos \u00e9 essencial para a manuten\u00e7\u00e3o da democracia, e classificaram a proposta como um retrocesso.<\/p>\n<div class=\"mm_conteudo blog-multimidia foto\">\n<div class=\"article-image-slot image-slot-placeholder\" data-image-href=\"https:\/\/www.msn.com\/pt-br\/noticias\/brasil\/entidades-que-defendem-combate-%C3%A0-corrup%C3%A7%C3%A3o-criticam-lula-por-defesa-de-voto-secreto-no-stf\/ar-AA1giq7y?ocid=mailsignout&amp;cvid=a7422da1f7e84fb5b4c72a28fda5686e&amp;ei=116&amp;fullscreen=true#image=1\" data-doc-id=\"cms\/api\/amp\/image\/AA1gh8Zt\" data-reset-char-count=\"true\" data-rendered=\"true\">\n<div class=\"article-image-container \">\n<div class=\"image-caption-container image-caption-container-ux-impr content-small-text  \"><span class=\"image-caption\">Durante programa semanal da EBC, Lula sugeriu que votos do STF sejam feitos em sigilo Foto: Reprodu\u00e7\u00e3o\/Canal Lula<\/span><span class=\"image-attribution image-attribution-ux-impr\">\u00a9&nbsp;Fornecido por Estad\u00e3o<\/span><\/div>\n<\/div>\n<\/div>\n<\/div>\n<p data-t=\"{&quot;n&quot;:&quot;blueLinks&quot;}\">Nesta ter\u00e7a-feira, 5, Lula disse que \u201cningu\u00e9m precisa saber\u201d os votos dos ministros da Suprema Corte. A sua declara\u00e7\u00e3o ocorre no momento em que Cristiano Zanin, indicado por ele ao cargo, \u00e9 alvo de cr\u00edticas da esquerda, inclusive do PT, por posicionamentos contr\u00e1rios a temas considerados progressistas e sociais.<\/p>\n<p data-t=\"{&quot;n&quot;:&quot;blueLinks&quot;}\">\u201cEu, ali\u00e1s, se pudesse dar um conselho, \u00e9 o seguinte: a sociedade n\u00e3o tem que saber como \u00e9 que vota um ministro da Suprema Corte. Sabe, eu acho que o cara tem que votar e ningu\u00e9m precisa saber. Votou a maioria 5 a 4, 6 a 4, 3 a 2. N\u00e3o precisa ningu\u00e9m saber\u201d, disse no programa \u201cConversa com o Presidente\u201d,&nbsp;<i>live<\/i> semanal produzida pela Empresa Brasil Comunica\u00e7\u00e3o (EBC).<\/p>\n<p class=\"continue-read-break\" data-t=\"{&quot;n&quot;:&quot;blueLinks&quot;}\">\u201cPara a gente n\u00e3o criar animosidade, eu acho que era preciso come\u00e7ar a pensar se n\u00e3o era o jeito de a gente come\u00e7ar a mudar o que est\u00e1 acontecendo no Brasil. Do jeito que vai, daqui a pouco um ministro da Suprema Corte n\u00e3o pode mais sair na rua, n\u00e3o pode mais passear com a sua fam\u00edlia, porque tem um cara que n\u00e3o gostou de uma decis\u00e3o dele\u201d, complementou.<\/p>\n<div class=\"lista-numerada-noticia list-numbered modulo-noticia\" tabindex=\"-1\" aria-expanded=\"true\">\n<div class=\"article-clear-div\">&nbsp;<\/div>\n<\/div>\n<h3 class=\"article-sub-heading\" tabindex=\"-1\" data-reset-char-count=\"true\" aria-expanded=\"true\">Sigilo pode tornar o Judici\u00e1rio mais distante da sociedade<\/h3>\n<div class=\"div-related-embed article-video-slot related-video-large-title-slot related-video-loading-state\" tabindex=\"-1\" data-content-embed-type=\"auto\" data-reset-char-count=\"true\" aria-expanded=\"true\" data-doc-id=\"AA1ghJVA\" data-rendered=\"true\">\n<p class=\"related-video-divider-top video-title\" data-test-id=\"video-embed-title\"><img decoding=\"async\" src=\"https:\/\/assets.msn.com\/staticsb\/statics\/pr-3888520\/icons-wc\/icons\/VideoBlue.svg\"><span class=\"related-video-title-bold\">V\u00eddeo relacionado<\/span>:&nbsp;Lula defende voto secreto de ministros do STF: &#8216;Ningu\u00e9m precisa saber&#8217;&nbsp;(Dailymotion)<\/p>\n<div class=\"video-clear-div\">&nbsp;<\/div>\n<\/div>\n<p class=\"\" tabindex=\"-1\" data-t=\"{&quot;n&quot;:&quot;blueLinks&quot;}\" aria-expanded=\"true\">Na nota da Transpar\u00eancia Internacional Brasil, assinada pelo diretor-executivo Bruno Brand\u00e3o, a organiza\u00e7\u00e3o afirma que o Poder Judici\u00e1rio&nbsp;\u00e9 o mais elitista e menos transparente dos Tr\u00eas Poderes, e que a introdu\u00e7\u00e3o do sigilo o tornar\u00e1 \u201cainda mais opaco e distante da sociedade\u201d e na \u201cdire\u00e7\u00e3o contr\u00e1ria a qualquer projeto de democratiza\u00e7\u00e3o\u201d.<\/p>\n<p class=\"\" tabindex=\"-1\" data-t=\"{&quot;n&quot;:&quot;blueLinks&quot;}\" aria-expanded=\"true\">\u201cConquistas como a<b>&nbsp;TV Justi\u00e7a<\/b>&nbsp;cumprem verdadeiro papel de pedagogia constitucional, ajudando a enfrentar o d\u00e9ficit hist\u00f3rico de cidadania em nosso pa\u00eds. Ao contr\u00e1rio do que Lula sugeriu, o Brasil precisa discutir e tratar com urg\u00eancia as profundas desigualdades no acesso \u00e0 Justi\u00e7a. O que demanda mais, n\u00e3o menos transpar\u00eancia\u201d, disse a Transpar\u00eancia Internacional Brasil.<\/p>\n<p class=\"\" tabindex=\"-1\" data-t=\"{&quot;n&quot;:&quot;blueLinks&quot;}\" aria-expanded=\"true\">A organiza\u00e7\u00e3o declarou que o Pa\u00eds precisa discutir as desigualdades no acesso \u00e0 Justi\u00e7a e os ataques destinados aos ministros do STF. \u201cEste respeito n\u00e3o se construir\u00e1 afastando a sociedade da Justi\u00e7a e, sim, com mais acesso \u00e0 informa\u00e7\u00e3o, educa\u00e7\u00e3o, debate p\u00fablico de qualidade e fomento \u00e0 cultura democr\u00e1tica\u201d, afirma.<\/p>\n<div class=\"article-clear-div\" tabindex=\"-1\" aria-expanded=\"true\">&nbsp;<\/div>\n<h3 class=\"article-sub-heading\" tabindex=\"-1\" data-reset-char-count=\"true\" aria-expanded=\"true\">Sugest\u00e3o de Lula \u00e9 uma hip\u00f3tese \u201cinadmiss\u00edvel\u201d, diz Inac<\/h3>\n<p class=\"\" tabindex=\"-1\" data-t=\"{&quot;n&quot;:&quot;blueLinks&quot;}\" aria-expanded=\"true\">A TV Justi\u00e7a, citada pela nota assinada por Brand\u00e3o, tamb\u00e9m foi aclamada pelo Instituto N\u00e3o Aceito Corrup\u00e7\u00e3o, que apontou que a sua cria\u00e7\u00e3o em 2002 permitiu que a sociedade acompanhasse o trabalho feito pelos ministros. Segundo o Instituto, a fala de Lula causou \u201cuma profunda perplexidade\u201d e a sua sugest\u00e3o n\u00e3o encontra amparo na Constitui\u00e7\u00e3o.<\/p>\n<p class=\"\" tabindex=\"-1\" data-t=\"{&quot;n&quot;:&quot;blueLinks&quot;}\" aria-expanded=\"true\">\u201cA proposi\u00e7\u00e3o, sem respaldo constitucional, vem na contram\u00e3o da necess\u00e1ria constante presta\u00e7\u00e3o de contas de cada um dos integrantes dos Tr\u00eas Poderes \u00e0 sociedade, exce\u00e7\u00e3o natural \u00f3bvia a temas judiciais que digam respeito \u00e0 intimidade, que ter\u00e3o individualmente o sigilo decretado, caso a caso, se necess\u00e1rio. \u00c9 obviamente inadmiss\u00edvel a hip\u00f3tese de generalizar o sigilo para os votos\u201d, afirmou a organiza\u00e7\u00e3o.<\/p>\n<p class=\"\" tabindex=\"-1\" data-t=\"{&quot;n&quot;:&quot;blueLinks&quot;}\" aria-expanded=\"true\">Para o Inac, a possibilidade de um sigilo generalizado motivado por conta de rea\u00e7\u00f5es sociais \u201cn\u00e3o \u00e9 plaus\u00edvel\u201d. \u201c\u00c9 necess\u00e1rio ter-se a maturidade e serenidade para lidar com tais comportamentos, leg\u00edtimos numa democracia\u201d, destaca a organiza\u00e7\u00e3o.<\/p>\n<\/div>\n<p tabindex=\"-1\" data-t=\"{&quot;n&quot;:&quot;blueLinks&quot;}\" aria-expanded=\"true\">.<\/p>\n<p tabindex=\"-1\" data-t=\"{&quot;n&quot;:&quot;blueLinks&quot;}\" aria-expanded=\"true\">Fonte &#8211; Estad\u00e3o<\/p>\n<div class=\"subscriptionPaywall\">&nbsp;<\/div>\n<\/article>\n<h3>Related Images:<\/h3>","protected":false},"excerpt":{"rendered":"<p>Organiza\u00e7\u00f5es que defendem o combate \u00e0 corrup\u00e7\u00e3o no Pa\u00eds criticaram o presidente Lula (PT) por&#8230;<\/p>\n","protected":false},"author":1,"featured_media":41351,"comment_status":"closed","ping_status":"open","sticky":false,"template":"","format":"standard","meta":{"sfsi_plus_gutenberg_text_before_share":"","sfsi_plus_gutenberg_show_text_before_share":"","sfsi_plus_gutenberg_icon_type":"","sfsi_plus_gutenberg_icon_alignemt":"","sfsi_plus_gutenburg_max_per_row":"","_exactmetrics_skip_tracking":false,"_exactmetrics_sitenote_active":false,"_exactmetrics_sitenote_note":"","_exactmetrics_sitenote_category":0,"ngg_post_thumbnail":0,"footnotes":""},"categories":[115],"tags":[],"class_list":["post-41350","post","type-post","status-publish","format-standard","has-post-thumbnail","hentry","category-acontece"],"_links":{"self":[{"href":"https:\/\/www.diasdavilaacontece.com\/index.php?rest_route=\/wp\/v2\/posts\/41350","targetHints":{"allow":["GET"]}}],"collection":[{"href":"https:\/\/www.diasdavilaacontece.com\/index.php?rest_route=\/wp\/v2\/posts"}],"about":[{"href":"https:\/\/www.diasdavilaacontece.com\/index.php?rest_route=\/wp\/v2\/types\/post"}],"author":[{"embeddable":true,"href":"https:\/\/www.diasdavilaacontece.com\/index.php?rest_route=\/wp\/v2\/users\/1"}],"replies":[{"embeddable":true,"href":"https:\/\/www.diasdavilaacontece.com\/index.php?rest_route=%2Fwp%2Fv2%2Fcomments&post=41350"}],"version-history":[{"count":1,"href":"https:\/\/www.diasdavilaacontece.com\/index.php?rest_route=\/wp\/v2\/posts\/41350\/revisions"}],"predecessor-version":[{"id":41352,"href":"https:\/\/www.diasdavilaacontece.com\/index.php?rest_route=\/wp\/v2\/posts\/41350\/revisions\/41352"}],"wp:featuredmedia":[{"embeddable":true,"href":"https:\/\/www.diasdavilaacontece.com\/index.php?rest_route=\/wp\/v2\/media\/41351"}],"wp:attachment":[{"href":"https:\/\/www.diasdavilaacontece.com\/index.php?rest_route=%2Fwp%2Fv2%2Fmedia&parent=41350"}],"wp:term":[{"taxonomy":"category","embeddable":true,"href":"https:\/\/www.diasdavilaacontece.com\/index.php?rest_route=%2Fwp%2Fv2%2Fcategories&post=41350"},{"taxonomy":"post_tag","embeddable":true,"href":"https:\/\/www.diasdavilaacontece.com\/index.php?rest_route=%2Fwp%2Fv2%2Ftags&post=41350"}],"curies":[{"name":"wp","href":"https:\/\/api.w.org\/{rel}","templated":true}]}}