{"id":41402,"date":"2023-09-08T21:13:12","date_gmt":"2023-09-08T21:13:12","guid":{"rendered":"https:\/\/www.diasdavilaacontece.com\/?p=41402"},"modified":"2023-09-08T21:13:35","modified_gmt":"2023-09-08T21:13:35","slug":"as-escolas-particulares-da-bahia-estao-proibidas-de-cobrar-taxa-por-prova-de-segunda-chamada","status":"publish","type":"post","link":"https:\/\/www.diasdavilaacontece.com\/?p=41402","title":{"rendered":"AS ESCOLAS PARTICULARES DA BAHIA EST\u00c3O PROIBIDAS DE COBRAR TAXA POR PROVA DE SEGUNDA CHAMADA"},"content":{"rendered":"<p>As escolas particulares na Bahia est\u00e3o agora proibidas de exigir taxas para a realiza\u00e7\u00e3o de provas de segunda chamada por estudantes que justifiquem aus\u00eancia devido a raz\u00f5es de sa\u00fade, eventos fortuitos ou situa\u00e7\u00f5es de for\u00e7a maior. Essa determina\u00e7\u00e3o \u00e9 estabelecida pela Lei n\u00ba 14.622, sancionada pelo governador Jer\u00f4nimo Rodrigues e publicada no Di\u00e1rio Oficial do Estado nesta quarta-feira (6).<\/p>\n<p>A iniciativa para essa mudan\u00e7a surgiu a partir de um Projeto de Lei proposto pelo deputado estadual Tiago Correia (PSDB), que faz parte da bancada de oposi\u00e7\u00e3o ao governo na Assembleia Legislativa da Bahia (ALBA).<\/p>\n<p>Conforme as diretrizes do governo, as institui\u00e7\u00f5es de ensino n\u00e3o poder\u00e3o mais impedir que os alunos participem de provas, testes, exames ou qualquer outra forma de avalia\u00e7\u00e3o devido \u00e0 falta de pagamento pr\u00e9vio, seja para essa taxa espec\u00edfica ou para mensalidades em geral.<\/p>\n<p>A Lei tamb\u00e9m prev\u00ea puni\u00e7\u00f5es para as escolas que desrespeitarem essa norma, determinando que \u201co estabelecimento infrator ressar\u00e7a em dobro e com corre\u00e7\u00f5es monet\u00e1rias o valor cobrado indevidamente dos estudantes\u201d, como destaca um trecho do texto.<\/p>\n<p>&nbsp;<\/p>\n<p>.<\/p>\n<p>Fonte &#8211; Informe Baiano<\/p>\n<h3>Related Images:<\/h3>","protected":false},"excerpt":{"rendered":"<p>As escolas particulares na Bahia est\u00e3o agora proibidas de exigir taxas para a realiza\u00e7\u00e3o de&#8230;<\/p>\n","protected":false},"author":1,"featured_media":41403,"comment_status":"closed","ping_status":"open","sticky":false,"template":"","format":"standard","meta":{"sfsi_plus_gutenberg_text_before_share":"","sfsi_plus_gutenberg_show_text_before_share":"","sfsi_plus_gutenberg_icon_type":"","sfsi_plus_gutenberg_icon_alignemt":"","sfsi_plus_gutenburg_max_per_row":"","_exactmetrics_skip_tracking":false,"_exactmetrics_sitenote_active":false,"_exactmetrics_sitenote_note":"","_exactmetrics_sitenote_category":0,"ngg_post_thumbnail":0,"footnotes":""},"categories":[115],"tags":[],"class_list":["post-41402","post","type-post","status-publish","format-standard","has-post-thumbnail","hentry","category-acontece"],"_links":{"self":[{"href":"https:\/\/www.diasdavilaacontece.com\/index.php?rest_route=\/wp\/v2\/posts\/41402","targetHints":{"allow":["GET"]}}],"collection":[{"href":"https:\/\/www.diasdavilaacontece.com\/index.php?rest_route=\/wp\/v2\/posts"}],"about":[{"href":"https:\/\/www.diasdavilaacontece.com\/index.php?rest_route=\/wp\/v2\/types\/post"}],"author":[{"embeddable":true,"href":"https:\/\/www.diasdavilaacontece.com\/index.php?rest_route=\/wp\/v2\/users\/1"}],"replies":[{"embeddable":true,"href":"https:\/\/www.diasdavilaacontece.com\/index.php?rest_route=%2Fwp%2Fv2%2Fcomments&post=41402"}],"version-history":[{"count":2,"href":"https:\/\/www.diasdavilaacontece.com\/index.php?rest_route=\/wp\/v2\/posts\/41402\/revisions"}],"predecessor-version":[{"id":41405,"href":"https:\/\/www.diasdavilaacontece.com\/index.php?rest_route=\/wp\/v2\/posts\/41402\/revisions\/41405"}],"wp:featuredmedia":[{"embeddable":true,"href":"https:\/\/www.diasdavilaacontece.com\/index.php?rest_route=\/wp\/v2\/media\/41403"}],"wp:attachment":[{"href":"https:\/\/www.diasdavilaacontece.com\/index.php?rest_route=%2Fwp%2Fv2%2Fmedia&parent=41402"}],"wp:term":[{"taxonomy":"category","embeddable":true,"href":"https:\/\/www.diasdavilaacontece.com\/index.php?rest_route=%2Fwp%2Fv2%2Fcategories&post=41402"},{"taxonomy":"post_tag","embeddable":true,"href":"https:\/\/www.diasdavilaacontece.com\/index.php?rest_route=%2Fwp%2Fv2%2Ftags&post=41402"}],"curies":[{"name":"wp","href":"https:\/\/api.w.org\/{rel}","templated":true}]}}