{"id":41409,"date":"2023-09-08T21:41:16","date_gmt":"2023-09-08T21:41:16","guid":{"rendered":"https:\/\/www.diasdavilaacontece.com\/?p=41409"},"modified":"2023-09-08T21:41:16","modified_gmt":"2023-09-08T21:41:16","slug":"com-moradores-deixando-casas-tiroteio-entre-faccoes-e-mortes-bairros-de-salvador-sao-marcados-pela-violencia","status":"publish","type":"post","link":"https:\/\/www.diasdavilaacontece.com\/?p=41409","title":{"rendered":"COM MORADORES DEIXANDO CASAS, TIROTEIO ENTRE FAC\u00c7\u00d5ES E MORTES &#8211; BAIRROS DE SALVADOR S\u00c3O MARCADOS PELA VIOL\u00caNCIA"},"content":{"rendered":"<div class=\"mc-article-header\">\n<div class=\"row content-head non-featured \">\n<div class=\"medium-centered subtitle\">\n<h2 class=\"content-head__subtitle\">Desde domingo (3), dezessete moradores foram feitos ref\u00e9ns e mais de 15 armas apreendidas. Secret\u00e1rio de Seguran\u00e7a P\u00fablica culpa fac\u00e7\u00f5es criminosas.<\/h2>\n<\/div>\n<\/div>\n<div class=\"content__signa-share\">\n<div class=\"content__signature\">\n<div class=\"content-publication-data\">\n<div class=\"content-publication-data__text\">\n<p class=\"content-publication-data__from\" title=\"g1 BA\">Por g1 BA<\/p>\n<p class=\"content-publication-data__updated\">.<\/p>\n<\/div>\n<\/div>\n<\/div>\n<\/div>\n<\/div>\n<div class=\"mc-article-body\">\n<article>\n<div id=\"chunk-3l13k\">\n<div class=\"mc-column content-text active-extra-styles \" data-block-type=\"unstyled\" data-block-weight=\"56\" data-block-id=\"3\">\n<p class=\"content-text__container \" data-track-category=\"Link no Texto\" data-track-links=\"\">As diversas trocas de tiros e a\u00e7\u00f5es com 17 ref\u00e9ns t\u00eam feito moradores do bairro do Alto das Pombas, em Salvador, deixarem as suas casas. Desde domingo (3), 11 pessoas foram mortas em confronto com a Pol\u00edcia Militar e oito foram presas no Alto das Pombas e Calabar, bairro vizinho. Mais de 15 armas foram apreendidas.<\/p>\n<\/div>\n<\/div>\n<div class=\"wall protected-content\">\n<div id=\"chunk-9m0e6\">\n<div class=\"mc-column content-text active-extra-styles \" data-block-type=\"unstyled\" data-block-weight=\"31\" data-block-id=\"5\">\n<p class=\"content-text__container \" data-track-category=\"Link no Texto\" data-track-links=\"\">Os registros de tiroteios intensos come\u00e7aram na noite de domingo, na regi\u00e3o do Alto das Pombas, e seguiram no bairro vizinho, Calabar, ao longo da segunda (4) e ter\u00e7a-feira (5).<\/p>\n<\/div>\n<\/div>\n<div id=\"chunk-8f078\">\n<div class=\"row medium-uncollapsed content-media content-photo\" data-block-type=\"backstage-photo\" data-block-id=\"7\">\n<div class=\" mc-column  content-media__container\">\n<p class=\"content-media__description  \">A noite de ter\u00e7a e a madrugada de quarta (6) foram marcadas por tiroteios em outros dois bairros da capital baiana: Engenho Velho de Brotas e Nordeste de Amaralina.<\/p>\n<p class=\"content-media__description  \"><span class=\"highlight highlighted\">Com os \u00faltimos registros, o balan\u00e7o da Secretaria de Seguran\u00e7a P\u00fablica da Bahia (SSP-BA) entre segunda e quarta-feira \u00e9 de:<\/span><\/p>\n<\/div>\n<\/div>\n<\/div>\n<div id=\"chunk-cuosu\">\n<div class=\"mc-column content-text active-extra-styles\" data-block-type=\"raw\" data-block-weight=\"25\" data-block-id=\"10\">\n<ul class=\"content-unordered-list\">\n<li><strong>11<\/strong>&nbsp;pessoas mortas<\/li>\n<li><strong>8&nbsp;<\/strong>pessoas presas<\/li>\n<li><strong>4<\/strong>&nbsp;a\u00e7\u00f5es com&nbsp;<strong>17<\/strong>&nbsp;ref\u00e9ns, que foram liberados sem ferimentos<\/li>\n<li>Apreens\u00e3o de&nbsp;<strong>6&nbsp;<\/strong>fuzis,&nbsp;<strong>11<\/strong>&nbsp;pistolas e<strong>&nbsp;3&nbsp;<\/strong>granadas<\/li>\n<\/ul>\n<\/div>\n<\/div>\n<\/div>\n<\/article>\n<\/div>\n<div id=\"chunk-ct32k\">\n<div class=\"mc-column content-text active-extra-styles \" data-block-type=\"unstyled\" data-block-weight=\"41\" data-block-id=\"15\">\n<p data-track-category=\"Link no Texto\" data-track-links=\"\">A viol\u00eancia na capital \u00e9, inclusive, atribu\u00edda ao Crescimento desses grupos, segundo o Secret\u00e1rio de Seguran\u00e7a P\u00fablica, Marcelo Werner. A declara\u00e7\u00e3o foi dada em coletiva, ap\u00f3s reuni\u00e3o da c\u00fapula da Seguran\u00e7a P\u00fablica com o governador Jer\u00f4nimo Rodrigue<\/p>\n<p class=\"content-text__container \" data-track-category=\"Link no Texto\" data-track-links=\"\">Na quarta-feira, o secret\u00e1rio faltou a dois chamados da Assembleia Legislativa do estado para prestar esclarecimentos aos deputados estaduais que formam a Comiss\u00e3o de Direitos Humanos e Seguran\u00e7a P\u00fablica na Alba. Marcelo Werner \u00e9 aguardado h\u00e1 seis meses na casa legislativa.<\/p>\n<\/div>\n<\/div>\n<div id=\"chunk-4lb6g\">\n<div class=\"mc-column content-text active-extra-styles \" data-block-type=\"unstyled\" data-block-weight=\"34\" data-block-id=\"16\">\n<p class=\"content-text__container \" data-track-category=\"Link no Texto\" data-track-links=\"\">Sobre a onda de viol\u00eancia na cidade, em nota, a SSP-BA informou que mant\u00e9m as a\u00e7\u00f5es de intelig\u00eancia e repress\u00e3o qualificada em todas as localidades onde houve registros de tiroteios ao longo desta semana.<\/p>\n<\/div>\n<\/div>\n<div class=\"mc-article-body\">\n<article>\n<div class=\"wall protected-content\">\n<div id=\"chunk-bl9vv\">\n<div class=\"mc-column content-text active-extra-styles\" data-block-type=\"raw\" data-block-weight=\"2\" data-block-id=\"17\">\n<div class=\"content-intertitle\">\n<h2>Escolas fechadas<\/h2>\n<\/div>\n<\/div>\n<\/div>\n<div id=\"chunk-dq4f5\">\n<div class=\"mc-column content-text active-extra-styles \" data-block-type=\"unstyled\" data-block-weight=\"31\" data-block-id=\"20\">\n<p class=\"content-text__container \" data-track-category=\"Link no Texto\" data-track-links=\"\">Devido as intensas trocas de tiros ao longo da semana, alguns mercados e padarias da regi\u00e3o do Alto das Pombas e do Calabar est\u00e3o fechados ou funcionam em hor\u00e1rio reduzido.<\/p>\n<\/div>\n<\/div>\n<div id=\"chunk-89q9n\">\n<div class=\"mc-column content-text active-extra-styles \" data-block-type=\"unstyled\" data-block-weight=\"26\" data-block-id=\"21\">\n<p class=\"content-text__container \" data-track-category=\"Link no Texto\" data-track-links=\"\">As escolas da regi\u00e3o est\u00e3o sem funcionar desde segunda-feira. Segundo a Secretaria Municipal da Educa\u00e7\u00e3o (Smed),&nbsp;<strong>1.511<\/strong>&nbsp;estudantes das escolas municipais tiveram as atividades suspensas.<\/p>\n<\/div>\n<\/div>\n<div id=\"chunk-dsele\">\n<div class=\"mc-column content-text active-extra-styles \" data-block-type=\"unstyled\" data-block-weight=\"32\" data-block-id=\"22\">\n<p class=\"content-text__container \" data-track-category=\"Link no Texto\" data-track-links=\"\">A administra\u00e7\u00e3o da Universidade Federal da Bahia (Ufba) tamb\u00e9m suspendeu as aulas nos campi de Ondina, Federa\u00e7\u00e3o, S\u00e3o L\u00e1zaro e Canela na segunda-feira. Na ter\u00e7a e quarta, as atividades administrativas foram mantidas.<\/p>\n<\/div>\n<\/div>\n<div id=\"chunk-b3agg\">\n<div class=\"mc-column content-text active-extra-styles \" data-block-type=\"unstyled\" data-block-weight=\"44\" data-block-id=\"23\">\n<p class=\"content-text__container \" data-track-category=\"Link no Texto\" data-track-links=\"\"><span class=\"highlight highlighted\">Na \u00e1rea da sa\u00fade, dois postos do bairro tiveram os atendimentos interrompidos: a Unidade de Sa\u00fade da Fam\u00edlia (USF) Calabar e a Unidade de Sa\u00fade da Fam\u00edlia (USF) Alto das Pombas. Os servi\u00e7os foram retomados na manh\u00e3 de ter\u00e7a e suspensos durante a tarde.<\/span><\/p>\n<\/div>\n<\/div>\n<div id=\"chunk-5gs2\">\n<div class=\"mc-column content-text active-extra-styles\" data-block-type=\"raw\" data-block-weight=\"3\" data-block-id=\"24\">\n<p class=\"content-text__container\">&nbsp;<\/p>\n<div class=\"content-intertitle\">\n<h2>Alto das Pombas<\/h2>\n<\/div>\n<\/div>\n<\/div>\n<div id=\"chunk-bhu3e\">\n<div class=\"mc-column content-text active-extra-styles \" data-block-type=\"unstyled\" data-block-weight=\"51\" data-block-id=\"27\">\n<p class=\"content-text__container \" data-track-category=\"Link no Texto\" data-track-links=\"\">O Alto das Pombas \u00e9 vizinho ao Calabar e a outros bairros da capital baiana como Federa\u00e7\u00e3o e a Gra\u00e7a, \u00e1rea nobre da cidade. O nome do bairro \u00e9 uma homenagem a muitos ca\u00e7adores que procuravam o local, que fica na parte alta da cidade, para capturar aves &#8211; pombos, principalmente.<\/p>\n<\/div>\n<\/div>\n<div id=\"chunk-66t9i\">\n<div class=\"mc-column content-text active-extra-styles \" data-block-type=\"unstyled\" data-block-weight=\"22\" data-block-id=\"28\">\n<p class=\"content-text__container \" data-track-category=\"Link no Texto\" data-track-links=\"\">O bairro tem entrada \u00fanica para carros e as demais vias, bem estreitas, possuem sa\u00eddas para o Calabar apenas para pedestres.<\/p>\n<\/div>\n<\/div>\n<div id=\"chunk-c2rct\">\n<div class=\"mc-column content-text active-extra-styles \" data-block-type=\"unstyled\" data-block-weight=\"44\" data-block-id=\"29\">\n<p class=\"content-text__container \" data-track-category=\"Link no Texto\" data-track-links=\"\">O Alto das Pombas \u00e9 conhecido por ser um espa\u00e7o de mobiliza\u00e7\u00e3o pol\u00edtica das entidades comunit\u00e1rias e por preservar a cultura baiana com pequenos restaurantes e rodas de samba. L\u00e1 est\u00e1 o famoso restaurante de Dad\u00e1, uma das mais famosas cozinheiras da Bahia.<\/p>\n<\/div>\n<\/div>\n<div id=\"chunk-dop38\">\n<div class=\"mc-column content-text active-extra-styles \" data-block-type=\"unstyled\" data-block-weight=\"25\" data-block-id=\"30\">\n<p class=\"content-text__container \" data-track-category=\"Link no Texto\" data-track-links=\"\">O Alto das Pombas tamb\u00e9m \u00e9 conhecido por ser vizinho ao Campo Santo, maior e mais antigo cemit\u00e9rio de Salvador, fundado no ano de 1834.<\/p>\n<\/div>\n<\/div>\n<div id=\"chunk-1g160\">\n<div class=\"row medium-uncollapsed content-media content-photo\" data-block-type=\"backstage-photo\" data-block-id=\"31\">\n<div class=\" mc-column  content-media__container\">\n<p class=\"content-media__description  \">Policiamento \u00e9 refor\u00e7ado na regi\u00e3o do Cemit\u00e9rio Campo Santo, em Salvador \u2014 Foto: Rildo de Jesus\/TV Bahia<\/p>\n<\/div>\n<\/div>\n<\/div>\n<div id=\"chunk-84onp\">\n<div class=\"mc-column content-text active-extra-styles \" data-block-type=\"unstyled\" data-block-weight=\"36\" data-block-id=\"33\">\n<p class=\"content-text__container \" data-track-category=\"Link no Texto\" data-track-links=\"\">Os conflitos t\u00eam se tornado cada vez mais constantes na localidade. Em janeiro, um homem foi morto durante um tiroteio entre membros de fac\u00e7\u00f5es criminosas rivais, durante uma disputa de territ\u00f3rio para o tr\u00e1fico de drogas.<\/p>\n<\/div>\n<\/div>\n<div id=\"chunk-7e6hj\">\n<div class=\"mc-column content-text active-extra-styles \" data-block-type=\"unstyled\" data-block-weight=\"56\" data-block-id=\"34\">\n<p class=\"content-text__container \" data-track-category=\"Link no Texto\" data-track-links=\"\">No dia 16 de junho, a comunidade tamb\u00e9m passou por momentos de terror durante a madrugada. Um homem foi baleado e outro foi executado dentro do Cemit\u00e9rio Campo Santo. Na ocasi\u00e3o, a popula\u00e7\u00e3o acionou a Pol\u00edcia Militar, que ocupou as principais ruas dos bairros e fez rondas para tentar localizar os suspeitos, mas ningu\u00e9m foi preso.<\/p>\n<\/div>\n<\/div>\n<div id=\"chunk-amb6i\">\n<div class=\"mc-column content-text active-extra-styles \" data-block-type=\"unstyled\" data-block-weight=\"28\" data-block-id=\"35\">\n<p class=\"content-text__container \" data-track-category=\"Link no Texto\" data-track-links=\"\">Duas semanas depois, um tiroteio entre traficantes de fac\u00e7\u00f5es criminosas rivais assustou os moradores do Alto das Pombas, e terminou com um homem morto e quatro pessoas feridas.<\/p>\n<\/div>\n<\/div>\n<div id=\"chunk-5t03i\">\n<div class=\"mc-column content-text active-extra-styles\" data-block-type=\"raw\" data-block-weight=\"3\" data-block-id=\"36\">\n<div class=\"content-intertitle\">\n<h2>Resist\u00eancia no Calabar<\/h2>\n<\/div>\n<\/div>\n<\/div>\n<div id=\"chunk-cfjqf\">\n<div class=\"mc-column content-text active-extra-styles \" data-block-type=\"unstyled\" data-block-weight=\"30\" data-block-id=\"39\">\n<p class=\"content-text__container \" data-track-category=\"Link no Texto\" data-track-links=\"\">Pr\u00f3ximo ao Alto das Pombas, o bairro do Calabar foi formado por pessoas que mostraram a resist\u00eancia do povo negro e se organizaram para permanecer em uma \u00e1rea considerada nobre.<\/p>\n<\/div>\n<\/div>\n<div id=\"chunk-9fhca\">\n<div class=\"mc-column content-text active-extra-styles \" data-block-type=\"unstyled\" data-block-weight=\"34\" data-block-id=\"40\">\n<p class=\"content-text__container \" data-track-category=\"Link no Texto\" data-track-links=\"\"><span class=\"highlight highlighted\">Historiadores apontam que escravizados oriundos de uma antiga regi\u00e3o africana chamada Kalabari, onde atualmente est\u00e1 a Nig\u00e9ria, se refugiaram e constru\u00edram no local o Quilombo dos Kalabar, onde hoje est\u00e1 o bairro do Calabar.<\/span><\/p>\n<\/div>\n<\/div>\n<div id=\"chunk-euuqv\">\n<div class=\"mc-column content-text active-extra-styles \" data-block-type=\"unstyled\" data-block-weight=\"65\" data-block-id=\"41\">\n<p class=\"content-text__container \" data-track-category=\"Link no Texto\" data-track-links=\"\">A partir do final dos anos 60, o local registrou grande crescimento com a chegada de imigrantes da zona rural, al\u00e9m de fam\u00edlias inteiras expulsas de outros locais da cidade pelo poder p\u00fablico. Neste momento, ocorre o fortalecimento da organiza\u00e7\u00e3o popular para reivindica\u00e7\u00e3o de direitos b\u00e1sicos, como moradia, sa\u00fade, educa\u00e7\u00e3o. Um dos destaques nesta atua\u00e7\u00e3o \u00e9 o grupo de Jovens Unidos do Calabar (JUC).<\/p>\n<\/div>\n<\/div>\n<div id=\"chunk-85sv9\">\n<div class=\"mc-column content-text active-extra-styles \" data-block-type=\"unstyled\" data-block-weight=\"33\" data-block-id=\"42\">\n<p class=\"content-text__container \" data-track-category=\"Link no Texto\" data-track-links=\"\">Al\u00e9m do Alto das Pombas, o Calabar est\u00e1 localizado \u00e1reas valorizadas, como a Avenida Centen\u00e1rio e os bairros Jardim Apipema e Ondina &#8211; que tem o principal circuito do carnaval de Salvador.<\/p>\n<\/div>\n<\/div>\n<div id=\"chunk-sik5\">\n<div class=\"mc-column content-text active-extra-styles \" data-block-type=\"unstyled\" data-block-weight=\"44\" data-block-id=\"45\">\n<p class=\"content-text__container \" data-track-category=\"Link no Texto\" data-track-links=\"\">Assim como o vizinho Alto das Pombas, o Calabar tem um extenso hist\u00f3rico de viol\u00eancia em 2023. Em fevereiro deste ano, um tiroteio durante a madrugada assustou moradores &nbsp;e horas depois, mandados de busca e apreens\u00e3o contra suspeitos de tr\u00e1fico de drogas foram cumpridos.<\/p>\n<\/div>\n<\/div>\n<div id=\"chunk-7abie\">\n<div class=\"mc-column content-text active-extra-styles \" data-block-type=\"unstyled\" data-block-weight=\"26\" data-block-id=\"46\">\n<p class=\"content-text__container \" data-track-category=\"Link no Texto\" data-track-links=\"\">Em abril, um vendedor de polpas de frutas foi baleado enquanto voltava pra casa. No local, acontecia um confronto entre policiais militares e suspeitos, segundo testemunhas.<\/p>\n<\/div>\n<\/div>\n<div id=\"chunk-7sg82\">\n<div class=\"mc-column content-text active-extra-styles \" data-block-type=\"unstyled\" data-block-weight=\"33\" data-block-id=\"47\">\n<p class=\"content-text__container \" data-track-category=\"Link no Texto\" data-track-links=\"\">Cerca de um m\u00eas depois, dois suspeitos de tr\u00e1fico de drogas morreram ap\u00f3s um novo confronto. Em junho, um outro homem n\u00e3o resistiu aos ferimentos depois de trocar tiros com PMs &nbsp;no bairro.<\/p>\n<\/div>\n<p data-track-category=\"Link no Texto\" data-track-links=\"\">.<\/p>\n<p data-track-category=\"Link no Texto\" data-track-links=\"\">Fonte &#8211; G1 Bahia<\/p>\n<\/div>\n<\/div>\n<\/article>\n<\/div>\n<h3>Related Images:<\/h3>","protected":false},"excerpt":{"rendered":"<p>Desde domingo (3), dezessete moradores foram feitos ref\u00e9ns e mais de 15 armas apreendidas. Secret\u00e1rio&#8230;<\/p>\n","protected":false},"author":1,"featured_media":41410,"comment_status":"closed","ping_status":"open","sticky":false,"template":"","format":"standard","meta":{"sfsi_plus_gutenberg_text_before_share":"","sfsi_plus_gutenberg_show_text_before_share":"","sfsi_plus_gutenberg_icon_type":"","sfsi_plus_gutenberg_icon_alignemt":"","sfsi_plus_gutenburg_max_per_row":"","_exactmetrics_skip_tracking":false,"_exactmetrics_sitenote_active":false,"_exactmetrics_sitenote_note":"","_exactmetrics_sitenote_category":0,"ngg_post_thumbnail":0,"footnotes":""},"categories":[115],"tags":[],"class_list":["post-41409","post","type-post","status-publish","format-standard","has-post-thumbnail","hentry","category-acontece"],"_links":{"self":[{"href":"https:\/\/www.diasdavilaacontece.com\/index.php?rest_route=\/wp\/v2\/posts\/41409","targetHints":{"allow":["GET"]}}],"collection":[{"href":"https:\/\/www.diasdavilaacontece.com\/index.php?rest_route=\/wp\/v2\/posts"}],"about":[{"href":"https:\/\/www.diasdavilaacontece.com\/index.php?rest_route=\/wp\/v2\/types\/post"}],"author":[{"embeddable":true,"href":"https:\/\/www.diasdavilaacontece.com\/index.php?rest_route=\/wp\/v2\/users\/1"}],"replies":[{"embeddable":true,"href":"https:\/\/www.diasdavilaacontece.com\/index.php?rest_route=%2Fwp%2Fv2%2Fcomments&post=41409"}],"version-history":[{"count":1,"href":"https:\/\/www.diasdavilaacontece.com\/index.php?rest_route=\/wp\/v2\/posts\/41409\/revisions"}],"predecessor-version":[{"id":41411,"href":"https:\/\/www.diasdavilaacontece.com\/index.php?rest_route=\/wp\/v2\/posts\/41409\/revisions\/41411"}],"wp:featuredmedia":[{"embeddable":true,"href":"https:\/\/www.diasdavilaacontece.com\/index.php?rest_route=\/wp\/v2\/media\/41410"}],"wp:attachment":[{"href":"https:\/\/www.diasdavilaacontece.com\/index.php?rest_route=%2Fwp%2Fv2%2Fmedia&parent=41409"}],"wp:term":[{"taxonomy":"category","embeddable":true,"href":"https:\/\/www.diasdavilaacontece.com\/index.php?rest_route=%2Fwp%2Fv2%2Fcategories&post=41409"},{"taxonomy":"post_tag","embeddable":true,"href":"https:\/\/www.diasdavilaacontece.com\/index.php?rest_route=%2Fwp%2Fv2%2Ftags&post=41409"}],"curies":[{"name":"wp","href":"https:\/\/api.w.org\/{rel}","templated":true}]}}