{"id":41422,"date":"2023-09-11T11:07:07","date_gmt":"2023-09-11T11:07:07","guid":{"rendered":"https:\/\/www.diasdavilaacontece.com\/?p=41422"},"modified":"2023-09-11T22:43:45","modified_gmt":"2023-09-11T22:43:45","slug":"via-parafuso-e-interditada-com-protestos-dos-ex-prestadores-de-servico-da-ford","status":"publish","type":"post","link":"https:\/\/www.diasdavilaacontece.com\/?p=41422","title":{"rendered":"VIA PARAFUSO \u00c9 INTERDITADA COM PROTESTOS DOS EX-PRESTADORES DE SERVI\u00c7O DA FORD"},"content":{"rendered":"<p>Ex-prestadores de servi\u00e7o da F\u00e1brica da Ford fizeram um protesto na Via Parafuso, na manh\u00e3 desta segunda-feira (11\/09). A estrada foi fechada com pneus que foram queimados e a obstru\u00e7\u00e3o do fluxo do tr\u00e2nsito foi intensa, com ve\u00edculos parados e engarrafamento.<\/p>\n<p>Os trabalhadores reivindicam indeniza\u00e7\u00f5es e afirmam que ficaram de fora do acordo trabalhista foi fechado.<\/p>\n<p>Com faixas e cartazes, eles pedem ajuda ao Minist\u00e9rio P\u00fablico e ao poder judici\u00e1rio para resolver a quest\u00e3o.<\/p>\n<h3>Related Images:<\/h3>","protected":false},"excerpt":{"rendered":"<p>Ex-prestadores de servi\u00e7o da F\u00e1brica da Ford fizeram um protesto na Via Parafuso, na manh\u00e3&#8230;<\/p>\n","protected":false},"author":1,"featured_media":41423,"comment_status":"closed","ping_status":"open","sticky":false,"template":"","format":"standard","meta":{"sfsi_plus_gutenberg_text_before_share":"","sfsi_plus_gutenberg_show_text_before_share":"","sfsi_plus_gutenberg_icon_type":"","sfsi_plus_gutenberg_icon_alignemt":"","sfsi_plus_gutenburg_max_per_row":"","_exactmetrics_skip_tracking":false,"_exactmetrics_sitenote_active":false,"_exactmetrics_sitenote_note":"","_exactmetrics_sitenote_category":0,"ngg_post_thumbnail":0,"footnotes":""},"categories":[115],"tags":[],"class_list":["post-41422","post","type-post","status-publish","format-standard","has-post-thumbnail","hentry","category-acontece"],"_links":{"self":[{"href":"https:\/\/www.diasdavilaacontece.com\/index.php?rest_route=\/wp\/v2\/posts\/41422","targetHints":{"allow":["GET"]}}],"collection":[{"href":"https:\/\/www.diasdavilaacontece.com\/index.php?rest_route=\/wp\/v2\/posts"}],"about":[{"href":"https:\/\/www.diasdavilaacontece.com\/index.php?rest_route=\/wp\/v2\/types\/post"}],"author":[{"embeddable":true,"href":"https:\/\/www.diasdavilaacontece.com\/index.php?rest_route=\/wp\/v2\/users\/1"}],"replies":[{"embeddable":true,"href":"https:\/\/www.diasdavilaacontece.com\/index.php?rest_route=%2Fwp%2Fv2%2Fcomments&post=41422"}],"version-history":[{"count":1,"href":"https:\/\/www.diasdavilaacontece.com\/index.php?rest_route=\/wp\/v2\/posts\/41422\/revisions"}],"predecessor-version":[{"id":41424,"href":"https:\/\/www.diasdavilaacontece.com\/index.php?rest_route=\/wp\/v2\/posts\/41422\/revisions\/41424"}],"wp:featuredmedia":[{"embeddable":true,"href":"https:\/\/www.diasdavilaacontece.com\/index.php?rest_route=\/wp\/v2\/media\/41423"}],"wp:attachment":[{"href":"https:\/\/www.diasdavilaacontece.com\/index.php?rest_route=%2Fwp%2Fv2%2Fmedia&parent=41422"}],"wp:term":[{"taxonomy":"category","embeddable":true,"href":"https:\/\/www.diasdavilaacontece.com\/index.php?rest_route=%2Fwp%2Fv2%2Fcategories&post=41422"},{"taxonomy":"post_tag","embeddable":true,"href":"https:\/\/www.diasdavilaacontece.com\/index.php?rest_route=%2Fwp%2Fv2%2Ftags&post=41422"}],"curies":[{"name":"wp","href":"https:\/\/api.w.org\/{rel}","templated":true}]}}