{"id":41428,"date":"2023-09-11T11:16:31","date_gmt":"2023-09-11T11:16:31","guid":{"rendered":"https:\/\/www.diasdavilaacontece.com\/?p=41428"},"modified":"2023-09-11T11:17:11","modified_gmt":"2023-09-11T11:17:11","slug":"morre-no-hospital-a-10a-vitima-da-chacina-em-mata-de-sao-joao","status":"publish","type":"post","link":"https:\/\/www.diasdavilaacontece.com\/?p=41428","title":{"rendered":"GAROTO DE 12 ANOS COM 50\u00aa DO CORPO QUEIMADO MORRE NO HOSPITAL E \u00c9 10\u00aa V\u00cdTIMA DA CHACINA EM MATA DE S\u00c3O JO\u00c3O"},"content":{"rendered":"<div class=\"mdc-layout-grid__cell mdc-layout-grid__cell--span-6-desktop mdc-layout-grid__cell--span-8-tablet comp paragrafo cXenseParse\">\n<p>O garoto Railan, de 12 anos, que estava internado em estado grav\u00edssimo no&nbsp;Hospital Geral do Estado (HGE) desde a chacina de Mata de S\u00e3o Jo\u00e3o, morreu na tarde do domingo (10), confirmou Erivaldo Ferreira dos Santos, pai do adolescente. Railan \u00e9 a 10\u00aa v\u00edtima da chacina.&nbsp;<\/p>\n<p>O menino teve mais de 50% do corpo queimado no ataque criminoso. &#8220;Ele n\u00e3o teve melhora desde que entrou (no hospital)&#8221;, conta o pai. &#8220;Ele perdeu parte do rim, pegou infec\u00e7\u00e3o, teve que amputar as pernas para ver se dava a cura dele. Mas n\u00e3o resistiu, teve que tirar ele desse mundo&#8221;, lamenta o pai. Erivaldo se apega a f\u00e9 no momento de dor. &#8220;\u00c9 melhor que estar sofrendo. Foi muito sofrimento para meu filho. Um menino com tudo pela frente, chegou um momento desse. Deus sabe de tudo, est\u00e1 na m\u00e3o de Deus, est\u00e1 protegido&#8221;.<\/p>\n<\/div>\n<div class=\"mdc-layout-grid__cell mdc-layout-grid__cell--span-6-desktop mdc-layout-grid__cell--span-8-tablet comp paragrafo cXenseParse\">\n<p>O corpo de Railan est\u00e1 no Instituto M\u00e9dico Legal (IML) e um familiar vir\u00e1 de Alagoinhas para Salvador com a certid\u00e3o de nascimento do garoto, j\u00e1 que todos outros documentos dele foram queimados no dia do crime. O sepultamento deve acontecer em Alagoinhas, onde vive a fam\u00edlia do pai. L\u00e1 tamb\u00e9m foram sepultadas as irm\u00e3s de Railan Bianca dos Santos Almeida, de 18 anos, e Brenda Bispo dos Santos, de 16 anos, e a m\u00e3e Cristiane.&nbsp;<\/p>\n<\/div>\n<div class=\"mdc-layout-grid__cell mdc-layout-grid__cell--span-6-desktop mdc-layout-grid__cell--span-8-tablet comp paragrafo cXenseParse\">\n<p>&nbsp;<\/p>\n<\/div>\n<h3>Related Images:<\/h3>","protected":false},"excerpt":{"rendered":"<p>O garoto Railan, de 12 anos, que estava internado em estado grav\u00edssimo no&nbsp;Hospital Geral do&#8230;<\/p>\n","protected":false},"author":1,"featured_media":41429,"comment_status":"closed","ping_status":"open","sticky":false,"template":"","format":"standard","meta":{"sfsi_plus_gutenberg_text_before_share":"","sfsi_plus_gutenberg_show_text_before_share":"","sfsi_plus_gutenberg_icon_type":"","sfsi_plus_gutenberg_icon_alignemt":"","sfsi_plus_gutenburg_max_per_row":"","_exactmetrics_skip_tracking":false,"_exactmetrics_sitenote_active":false,"_exactmetrics_sitenote_note":"","_exactmetrics_sitenote_category":0,"ngg_post_thumbnail":0,"footnotes":""},"categories":[115],"tags":[],"class_list":["post-41428","post","type-post","status-publish","format-standard","has-post-thumbnail","hentry","category-acontece"],"_links":{"self":[{"href":"https:\/\/www.diasdavilaacontece.com\/index.php?rest_route=\/wp\/v2\/posts\/41428","targetHints":{"allow":["GET"]}}],"collection":[{"href":"https:\/\/www.diasdavilaacontece.com\/index.php?rest_route=\/wp\/v2\/posts"}],"about":[{"href":"https:\/\/www.diasdavilaacontece.com\/index.php?rest_route=\/wp\/v2\/types\/post"}],"author":[{"embeddable":true,"href":"https:\/\/www.diasdavilaacontece.com\/index.php?rest_route=\/wp\/v2\/users\/1"}],"replies":[{"embeddable":true,"href":"https:\/\/www.diasdavilaacontece.com\/index.php?rest_route=%2Fwp%2Fv2%2Fcomments&post=41428"}],"version-history":[{"count":2,"href":"https:\/\/www.diasdavilaacontece.com\/index.php?rest_route=\/wp\/v2\/posts\/41428\/revisions"}],"predecessor-version":[{"id":41431,"href":"https:\/\/www.diasdavilaacontece.com\/index.php?rest_route=\/wp\/v2\/posts\/41428\/revisions\/41431"}],"wp:featuredmedia":[{"embeddable":true,"href":"https:\/\/www.diasdavilaacontece.com\/index.php?rest_route=\/wp\/v2\/media\/41429"}],"wp:attachment":[{"href":"https:\/\/www.diasdavilaacontece.com\/index.php?rest_route=%2Fwp%2Fv2%2Fmedia&parent=41428"}],"wp:term":[{"taxonomy":"category","embeddable":true,"href":"https:\/\/www.diasdavilaacontece.com\/index.php?rest_route=%2Fwp%2Fv2%2Fcategories&post=41428"},{"taxonomy":"post_tag","embeddable":true,"href":"https:\/\/www.diasdavilaacontece.com\/index.php?rest_route=%2Fwp%2Fv2%2Ftags&post=41428"}],"curies":[{"name":"wp","href":"https:\/\/api.w.org\/{rel}","templated":true}]}}