{"id":41485,"date":"2023-09-12T22:28:51","date_gmt":"2023-09-12T22:28:51","guid":{"rendered":"https:\/\/www.diasdavilaacontece.com\/?p=41485"},"modified":"2023-09-14T23:01:43","modified_gmt":"2023-09-14T23:01:43","slug":"com-grande-publico-1o-campeonato-intermunicipal-de-boxe-de-dias-davila-foi-um-sucesso","status":"publish","type":"post","link":"https:\/\/www.diasdavilaacontece.com\/?p=41485","title":{"rendered":"COM GRANDE P\u00daBLICO, 1\u00ba CAMPEONATO INTERMUNICIPAL DE BOXE DE DIAS D&#8217;\u00c1VILA FOI UM SUCESSO"},"content":{"rendered":"<p>No \u00faltimo s\u00e1bado (09), o munic\u00edpio de Dias d&#8217;\u00c1vila viveu momentos emocionantes com a realiza\u00e7\u00e3o da Grande Final do I Campeonato Intermunicipal de Boxe. O evento, promovido pela Prefeitura Municipal, atrav\u00e9s da Secretaria de Esporte, Cultura e Lazer (SEMEC), atraiu a comunidade e os amantes do boxe, lotando o Gin\u00e1sio Esportivo Jos\u00e9 da Cruz Azevedo, na Urbis.<\/p>\n<p>O prefeito Alberto Castro fez quest\u00e3o de compartilhar sua satisfa\u00e7\u00e3o com o grande sucesso do campeonato e ressaltar a import\u00e2ncia da valoriza\u00e7\u00e3o do esporte para a cidade: &#8220;Ficamos extremamente felizes em ver o sucesso desse campeonato, em especial da Grande Final ser t\u00e3o bem recebida por nossa comunidade. O esporte \u00e9 um pilar fundamental em nossa gest\u00e3o, e eventos como este demonstram o potencial que temos em nosso munic\u00edpio para promover o talento e a paix\u00e3o pelo boxe\u201d, pontuou Alberto.<\/p>\n<p>A primeira etapa do campeonato, que aconteceu em 02 de setembro, j\u00e1 havia tido um grande \u00eaxito, com lutas empolgantes e boxeadores demonstrando seu talento no ringue. A Grande Final, no entanto, superou todas as expectativas, pois proporcionou n\u00e3o s\u00f3 competi\u00e7\u00f5es emocionantes, mas tamb\u00e9m um ambiente de confraterniza\u00e7\u00e3o e apoio m\u00fatuo entre atletas e espectadores.<\/p>\n<p>O evento reuniu atletas locais e de diversas cidades, inclusive representantes de Sergipe, em v\u00e1rias categorias. O vice-prefeito, Edivan Tavares, destacou a import\u00e2ncia de eventos esportivos como esse para a comunidade: &#8220;Al\u00e9m de proporcionar entretenimento de qualidade, campeonatos como esses incentivam a pr\u00e1tica de esportes e promovem valores como dedica\u00e7\u00e3o, respeito e supera\u00e7\u00e3o, que s\u00e3o fundamentais para o desenvolvimento de nossa juventude\u201d, explicou o vice-prefeito.<\/p>\n<p>O sucesso do I Campeonato Intermunicipal de Boxe em Dias d&#8217;\u00c1vila reflete o compromisso da administra\u00e7\u00e3o municipal em fortalecer o esporte na regi\u00e3o e oferecer oportunidades para atletas locais brilharem no cen\u00e1rio esportivo. A Prefeitura de Dias d&#8217;\u00c1vila segue empenhada em continuar apoiando iniciativas esportivas que enrique\u00e7am a vida da popula\u00e7\u00e3o e inspirem futuros campe\u00f5es no esporte e na vida.<\/p>\n<p>&nbsp;<\/p>\n<p class=\"text-justify\">.<\/p>\n<p>Assessoria de Comunica\u00e7\u00e3o &#8211; ASCOM-PMDD<\/p>\n<h3>Related Images:<\/h3>","protected":false},"excerpt":{"rendered":"<p>No \u00faltimo s\u00e1bado (09), o munic\u00edpio de Dias d&#8217;\u00c1vila viveu momentos emocionantes com a realiza\u00e7\u00e3o&#8230;<\/p>\n","protected":false},"author":1,"featured_media":41486,"comment_status":"closed","ping_status":"open","sticky":false,"template":"","format":"standard","meta":{"sfsi_plus_gutenberg_text_before_share":"","sfsi_plus_gutenberg_show_text_before_share":"","sfsi_plus_gutenberg_icon_type":"","sfsi_plus_gutenberg_icon_alignemt":"","sfsi_plus_gutenburg_max_per_row":"","_exactmetrics_skip_tracking":false,"_exactmetrics_sitenote_active":false,"_exactmetrics_sitenote_note":"","_exactmetrics_sitenote_category":0,"ngg_post_thumbnail":0,"footnotes":""},"categories":[115],"tags":[],"class_list":["post-41485","post","type-post","status-publish","format-standard","has-post-thumbnail","hentry","category-acontece"],"_links":{"self":[{"href":"https:\/\/www.diasdavilaacontece.com\/index.php?rest_route=\/wp\/v2\/posts\/41485","targetHints":{"allow":["GET"]}}],"collection":[{"href":"https:\/\/www.diasdavilaacontece.com\/index.php?rest_route=\/wp\/v2\/posts"}],"about":[{"href":"https:\/\/www.diasdavilaacontece.com\/index.php?rest_route=\/wp\/v2\/types\/post"}],"author":[{"embeddable":true,"href":"https:\/\/www.diasdavilaacontece.com\/index.php?rest_route=\/wp\/v2\/users\/1"}],"replies":[{"embeddable":true,"href":"https:\/\/www.diasdavilaacontece.com\/index.php?rest_route=%2Fwp%2Fv2%2Fcomments&post=41485"}],"version-history":[{"count":1,"href":"https:\/\/www.diasdavilaacontece.com\/index.php?rest_route=\/wp\/v2\/posts\/41485\/revisions"}],"predecessor-version":[{"id":41487,"href":"https:\/\/www.diasdavilaacontece.com\/index.php?rest_route=\/wp\/v2\/posts\/41485\/revisions\/41487"}],"wp:featuredmedia":[{"embeddable":true,"href":"https:\/\/www.diasdavilaacontece.com\/index.php?rest_route=\/wp\/v2\/media\/41486"}],"wp:attachment":[{"href":"https:\/\/www.diasdavilaacontece.com\/index.php?rest_route=%2Fwp%2Fv2%2Fmedia&parent=41485"}],"wp:term":[{"taxonomy":"category","embeddable":true,"href":"https:\/\/www.diasdavilaacontece.com\/index.php?rest_route=%2Fwp%2Fv2%2Fcategories&post=41485"},{"taxonomy":"post_tag","embeddable":true,"href":"https:\/\/www.diasdavilaacontece.com\/index.php?rest_route=%2Fwp%2Fv2%2Ftags&post=41485"}],"curies":[{"name":"wp","href":"https:\/\/api.w.org\/{rel}","templated":true}]}}