{"id":41492,"date":"2023-09-13T22:43:25","date_gmt":"2023-09-13T22:43:25","guid":{"rendered":"https:\/\/www.diasdavilaacontece.com\/?p=41492"},"modified":"2023-09-13T22:43:25","modified_gmt":"2023-09-13T22:43:25","slug":"ciclone-devasta-a-libia-mais-de-5-mil-mortos-milhares-de-desaparecidos-e-bairros-pontes-e-barragens-destruidas","status":"publish","type":"post","link":"https:\/\/www.diasdavilaacontece.com\/?p=41492","title":{"rendered":"CICLONE DEVASTA A L\u00cdBIA: MAIS DE 5 MIL MORTOS, MILHARES DE DESAPARECIDOS E BAIRROS, PONTES E BARRAGENS DESTRUIDAS"},"content":{"rendered":"<p data-t=\"{&quot;n&quot;:&quot;blueLinks&quot;}\">As enchentes devastadoras que atingiram a L\u00edbia com a passagem do ciclone Daniel pelo pa\u00eds deixaram mais de 5,3 mil mortos, milhares de desaparecidos e destru\u00edram bairros inteiros, pontes e barragens.<\/p>\n<p data-t=\"{&quot;n&quot;:&quot;blueLinks&quot;}\">Fam\u00edlias inteiras foram arrastadas, segundo um jornalista l\u00edbio que tem falado com sobreviventes na cidade de Derna, a mais afetada. Ele descreveu a situa\u00e7\u00e3o como &#8220;mais que catastr\u00f3fica&#8221;.<\/p>\n<p data-t=\"{&quot;n&quot;:&quot;blueLinks&quot;}\">A BBC Verify, equipe de verifica\u00e7\u00e3o da BBC, e a equipe de Jornalismo Visual da BBC analisaram algumas das raz\u00f5es que fizeram com que a passagem do ciclone pelo pa\u00eds tenha sido t\u00e3o devastadora<\/p>\n<h2 class=\"article-sub-heading\">Recorde de chuva<\/h2>\n<p data-t=\"{&quot;n&quot;:&quot;blueLinks&quot;}\">A chuva torrencial foi trazida pelo ciclone Daniel, que atingiu a L\u00edbia no domingo. O ciclone &#8211; um fen\u00f4meno meteorol\u00f3gico semelhante a um furac\u00e3o no Mediterr\u00e2neo &#8211; causou mais de 400 mm de chuva para partes da costa nordeste do pa\u00eds em um per\u00edodo de 24 horas.<\/p>\n<p data-t=\"{&quot;n&quot;:&quot;blueLinks&quot;}\">\u00c9 um dil\u00favio extraordin\u00e1rio para uma regi\u00e3o que costuma ter cerca de 1,5 mm durante todo o m\u00eas de setembro.<\/p>\n<p data-t=\"{&quot;n&quot;:&quot;blueLinks&quot;}\">O Centro Meteorol\u00f3gico Nacional da L\u00edbia afirma que se trata de um novo recorde de chuvas.<\/p>\n<p data-t=\"{&quot;n&quot;:&quot;blueLinks&quot;}\">Dados de sat\u00e9lite mostram o quanto choveu em toda a regi\u00e3o e as \u00e1reas onde a concentra\u00e7\u00e3o de chuva foi maior.<\/p>\n<div class=\"article-image-slot image-slot-placeholder\" data-image-href=\"https:\/\/www.msn.com\/pt-br\/noticias\/ciencia\/o-que-fez-com-que-o-ciclone-na-l%C3%ADbia-fosse-t%C3%A3o-devastador\/ar-AA1gFSgj?ocid=mailsignout&amp;cvid=7bc13c3a32e845199ac54ad32f995b95&amp;ei=48&amp;fullscreen=true#image=2\" data-doc-id=\"cms\/api\/amp\/image\/AA1gFLg6\" data-reset-char-count=\"true\">\n<div class=\"article-image-slot\">\n<div class=\"article-image-container \">\n<div>&nbsp;<\/div>\n<p><a class=\"article-image-height-wrapper  article-image-height-wrapper-new\" href=\"https:\/\/www.msn.com\/pt-br\/noticias\/ciencia\/o-que-fez-com-que-o-ciclone-na-l%C3%ADbia-fosse-t%C3%A3o-devastador\/ar-AA1gFSgj?ocid=mailsignout&amp;cvid=7bc13c3a32e845199ac54ad32f995b95&amp;ei=48&amp;fullscreen=true#image=2\" target=\"_self\" rel=\"noopener\"><img decoding=\"async\" class=\"article-image article-image-ux-impr  article-image-new\" title=\"O que fez com que o ciclone na L\u00edbia fosse t\u00e3o devastador?\" src=\"https:\/\/img-s-msn-com.akamaized.net\/tenant\/amp\/entityid\/AA1gFLg6.img?w=768&amp;h=841&amp;m=6\" alt=\"O que fez com que o ciclone na L\u00edbia fosse t\u00e3o devastador?\"><\/a><\/p>\n<div class=\"image-caption-container image-caption-container-ux-impr content-small-text articlewc-image-caption-container \"><span class=\"image-caption\">O que fez com que o ciclone na L\u00edbia fosse t\u00e3o devastador?<\/span><span class=\"image-attribution image-attribution-ux-impr\">\u00a9&nbsp;BBC<\/span><\/div>\n<\/div>\n<\/div>\n<\/div>\n<p data-t=\"{&quot;n&quot;:&quot;blueLinks&quot;}\">\u00c9 dif\u00edcil atribuir com certeza a gravidade deste ciclone ao aumento das temperaturas globais.<\/p>\n<p class=\"continue-read-break\" data-t=\"{&quot;n&quot;:&quot;blueLinks&quot;}\">No entanto, dados mostram que as mudan\u00e7as clim\u00e1ticas est\u00e3o aumentando a frequ\u00eancia e a gravidade de eventos meteorol\u00f3gicos extremos.<\/p>\n<p data-t=\"{&quot;n&quot;:&quot;blueLinks&quot;}\">A professora Liz Stephens, especialista em riscos clim\u00e1ticos e resili\u00eancia na Universidade de Reading, no Reino Unido, afirma que \u00e9 consenso cient\u00edfico que as altera\u00e7\u00f5es clim\u00e1ticas est\u00e3o intensificando as chuvas causadas por ciclones.<\/p>\n<div class=\"article-image-slot image-slot-placeholder\" data-image-href=\"https:\/\/www.msn.com\/pt-br\/noticias\/ciencia\/o-que-fez-com-que-o-ciclone-na-l%C3%ADbia-fosse-t%C3%A3o-devastador\/ar-AA1gFSgj?ocid=mailsignout&amp;cvid=7bc13c3a32e845199ac54ad32f995b95&amp;ei=48&amp;fullscreen=true#image=3\" data-doc-id=\"cms\/api\/amp\/image\/AA1gFZj2\" data-reset-char-count=\"true\">\n<div class=\"article-image-slot\">\n<div class=\"article-image-container \">\n<div>&nbsp;<\/div>\n<p><a class=\"article-image-height-wrapper  article-image-height-wrapper-new\" href=\"https:\/\/www.msn.com\/pt-br\/noticias\/ciencia\/o-que-fez-com-que-o-ciclone-na-l%C3%ADbia-fosse-t%C3%A3o-devastador\/ar-AA1gFSgj?ocid=mailsignout&amp;cvid=7bc13c3a32e845199ac54ad32f995b95&amp;ei=48&amp;fullscreen=true#image=2\" target=\"_self\" rel=\"noopener\"><img decoding=\"async\" class=\"article-image article-image-ux-impr  article-image-new\" title=\"O que fez com que o ciclone na L\u00edbia fosse t\u00e3o devastador?\" src=\"https:\/\/img-s-msn-com.akamaized.net\/tenant\/amp\/entityid\/AA1gFZj2.img?w=768&amp;h=504&amp;m=6\" alt=\"O que fez com que o ciclone na L\u00edbia fosse t\u00e3o devastador?\"><\/a><\/p>\n<div class=\"image-caption-container image-caption-container-ux-impr content-small-text articlewc-image-caption-container \"><span class=\"image-caption\">O que fez com que o ciclone na L\u00edbia fosse t\u00e3o devastador?<\/span><span class=\"image-attribution image-attribution-ux-impr\">\u00a9&nbsp;BBC<\/span><\/div>\n<\/div>\n<\/div>\n<\/div>\n<h2 class=\"article-sub-heading\">Duas barragens destru\u00eddas<\/h2>\n<p data-t=\"{&quot;n&quot;:&quot;blueLinks&quot;}\">Na cidade de Derna, a mais afetada, o tamanho da trag\u00e9dia tem a ver com o rompimento de duas barragens.<\/p>\n<div class=\"div-related-embed\" data-content-embed-type=\"auto\" data-reset-char-count=\"true\">&nbsp;<\/div>\n<p data-t=\"{&quot;n&quot;:&quot;blueLinks&quot;}\">O rio Wadi Derna corre pelas montanhas do interior da L\u00edbia, passando por Derna e desembocando no Mediterr\u00e2neo.<\/p>\n<p data-t=\"{&quot;n&quot;:&quot;blueLinks&quot;}\">\u00c9 um rio seco durante grande parte do ano, mas as chuvas inusitadamente fortes sobrecarregaram duas barragens cruciais e destru\u00edram v\u00e1rias pontes.<\/p>\n<p data-t=\"{&quot;n&quot;:&quot;blueLinks&quot;}\">Moradores da cidade, que receberam ordens das autoridades locais para permanecerem em suas casas, relataram ter ouvido uma forte explos\u00e3o antes da cidade ser engolida pela \u00e1gua.<\/p>\n<p data-t=\"{&quot;n&quot;:&quot;blueLinks&quot;}\">&#8220;As barragens retiveram parte da \u00e1gua e, quando romperam, soltaram toda a \u00e1gua de uma s\u00f3 vez. Os detritos levados pelas \u00e1guas da enxurrada aumentaram seu poder destrutivo&#8221;, diz Stephens.<\/p>\n<div class=\"article-image-slot image-slot-placeholder\" data-image-href=\"https:\/\/www.msn.com\/pt-br\/noticias\/ciencia\/o-que-fez-com-que-o-ciclone-na-l%C3%ADbia-fosse-t%C3%A3o-devastador\/ar-AA1gFSgj?ocid=mailsignout&amp;cvid=7bc13c3a32e845199ac54ad32f995b95&amp;ei=48&amp;fullscreen=true#image=4\" data-doc-id=\"cms\/api\/amp\/image\/AA1gFX8M\" data-reset-char-count=\"true\">\n<div class=\"article-image-slot\">\n<div class=\"article-image-container \">\n<div>&nbsp;<\/div>\n<p><a class=\"article-image-height-wrapper  article-image-height-wrapper-new\" href=\"https:\/\/www.msn.com\/pt-br\/noticias\/ciencia\/o-que-fez-com-que-o-ciclone-na-l%C3%ADbia-fosse-t%C3%A3o-devastador\/ar-AA1gFSgj?ocid=mailsignout&amp;cvid=7bc13c3a32e845199ac54ad32f995b95&amp;ei=48&amp;fullscreen=true#image=2\" target=\"_self\" rel=\"noopener\"><img decoding=\"async\" class=\"article-image article-image-ux-impr  article-image-new\" title=\"O que fez com que o ciclone na L\u00edbia fosse t\u00e3o devastador?\" src=\"https:\/\/img-s-msn-com.akamaized.net\/tenant\/amp\/entityid\/AA1gFX8M.img?w=768&amp;h=1382&amp;m=6\" alt=\"O que fez com que o ciclone na L\u00edbia fosse t\u00e3o devastador?\"><\/a><\/p>\n<div class=\"image-caption-container image-caption-container-ux-impr content-small-text articlewc-image-caption-container \"><span class=\"image-caption\">O que fez com que o ciclone na L\u00edbia fosse t\u00e3o devastador?<\/span><span class=\"image-attribution image-attribution-ux-impr\">\u00a9&nbsp;BBC<\/span><\/div>\n<\/div>\n<\/div>\n<\/div>\n<p data-t=\"{&quot;n&quot;:&quot;blueLinks&quot;}\">A barragem superior tinha capacidade de armazenamento de 1,5 milh\u00e3o de metros c\u00fabicos de \u00e1gua, enquanto a barragem inferior tinha capacidade para 22,5 milh\u00f5es de metros c\u00fabicos.<\/p>\n<p data-t=\"{&quot;n&quot;:&quot;blueLinks&quot;}\">Cada metro c\u00fabico de \u00e1gua pesa cerca de uma tonelada, portanto, 1,5 milh\u00e3o de metros c\u00fabicos de \u00e1gua pesa 1,5 milh\u00e3o de toneladas.<\/p>\n<p data-t=\"{&quot;n&quot;:&quot;blueLinks&quot;}\">Esse peso, combinado com a for\u00e7a da descida e os detritos carregados, gera uma pot\u00eancia destrutiva enorme. Testemunhas disseram que as \u00e1guas chegaram a quase tr\u00eas metros em alguns lugares.<\/p>\n<p data-t=\"{&quot;n&quot;:&quot;blueLinks&quot;}\">Estima-se que 20 cm de \u00e1gua de enchente em movimento r\u00e1pido s\u00e3o suficientes para derrubar algu\u00e9m, e 60 cm s\u00e3o suficientes para fazer um carro flutuar.<\/p>\n<p data-t=\"{&quot;n&quot;:&quot;blueLinks&quot;}\">Portanto, n\u00e3o \u00e9 surpresa que edif\u00edcios inteiros tenham sido destru\u00eddos pelo alagamento.<\/p>\n<p data-t=\"{&quot;n&quot;:&quot;blueLinks&quot;}\">Especialistas dizem que \u00e9 muito cedo para saber se as chuvas extremas foram fortes demais para as barragens suportarem, ou se a condi\u00e7\u00e3o das estruturas tamb\u00e9m estava prec\u00e1ria e piorou a situa\u00e7\u00e3o.<\/p>\n<p data-t=\"{&quot;n&quot;:&quot;blueLinks&quot;}\">\u00c9 prov\u00e1vel que as barragens sejam feitas de solo ou rochas despejadas e compactadas, que n\u00e3o s\u00e3o t\u00e3o resistentes quanto o concreto.<\/p>\n<p data-t=\"{&quot;n&quot;:&quot;blueLinks&quot;}\">&#8220;Essas barragens s\u00e3o suscet\u00edveis ao transbordamento e, embora as barragens de concreto possam sobreviver a um transbordamento, as barragens de pedra compactada geralmente n\u00e3o conseguem&#8221;, diz Dragan Savic, especialista em engenharia hidr\u00e1ulica da Universidade de Exeter, no Reino Unido.<\/p>\n<p data-t=\"{&quot;n&quot;:&quot;blueLinks&quot;}\">Segundo o engenheiro estrutural Andrew Barr, h\u00e1 pistas de que a barragem superior rompeu primeiro.<\/p>\n<p data-t=\"{&quot;n&quot;:&quot;blueLinks&quot;}\">Depois, diz ele, a \u00e1gua provavelmente fluiu pelo vale rochoso do rio em dire\u00e7\u00e3o \u00e0 barragem inferior, mais pr\u00f3xima \u00e0 cidade. Com o rompimento da barragem de baixo, a cidade foi inundada de forma repentina e catastr\u00f3fica.<\/p>\n<div class=\"article-image-slot image-slot-placeholder\" data-image-href=\"https:\/\/www.msn.com\/pt-br\/noticias\/ciencia\/o-que-fez-com-que-o-ciclone-na-l%C3%ADbia-fosse-t%C3%A3o-devastador\/ar-AA1gFSgj?ocid=mailsignout&amp;cvid=7bc13c3a32e845199ac54ad32f995b95&amp;ei=48&amp;fullscreen=true#image=5\" data-doc-id=\"cms\/api\/amp\/image\/AA1gFUHv\" data-reset-char-count=\"true\">\n<div class=\"article-image-slot\">\n<div class=\"article-image-container \">\n<div>&nbsp;<\/div>\n<p><a class=\"article-image-height-wrapper  article-image-height-wrapper-new\" href=\"https:\/\/www.msn.com\/pt-br\/noticias\/ciencia\/o-que-fez-com-que-o-ciclone-na-l%C3%ADbia-fosse-t%C3%A3o-devastador\/ar-AA1gFSgj?ocid=mailsignout&amp;cvid=7bc13c3a32e845199ac54ad32f995b95&amp;ei=48&amp;fullscreen=true#image=2\" target=\"_self\" rel=\"noopener\"><img decoding=\"async\" class=\"article-image article-image-ux-impr  article-image-new\" title=\"O que fez com que o ciclone na L\u00edbia fosse t\u00e3o devastador?\" src=\"https:\/\/img-s-msn-com.akamaized.net\/tenant\/amp\/entityid\/AA1gFUHv.img?w=768&amp;h=583&amp;m=6\" alt=\"O que fez com que o ciclone na L\u00edbia fosse t\u00e3o devastador?\"><\/a><\/p>\n<div class=\"image-caption-container image-caption-container-ux-impr content-small-text articlewc-image-caption-container \"><span class=\"image-caption\">O que fez com que o ciclone na L\u00edbia fosse t\u00e3o devastador?<\/span><span class=\"image-attribution image-attribution-ux-impr\">\u00a9&nbsp;BBC<\/span><\/div>\n<\/div>\n<\/div>\n<\/div>\n<p data-t=\"{&quot;n&quot;:&quot;blueLinks&quot;}\">Uma pesquisa publicada no ano passado sobre a hidrologia da bacia de Wadi Derna apontava que a \u00e1rea tinha &#8220;um alto risco de inunda\u00e7\u00e3o&#8221; e que as barragens &#8220;precisavam de manuten\u00e7\u00e3o peri\u00f3dica&#8221;.<\/p>\n<p data-t=\"{&quot;n&quot;:&quot;blueLinks&quot;}\">O relat\u00f3rio, elaborado pelo especialista em engenharia civil Abdelwanees Ashoor, da Universidade Omar Al-Mukhtar, na L\u00edbia, afirma que &#8220;a situa\u00e7\u00e3o atual na bacia do vale de Derna exige que as autoridades tomem medidas imediatas, realizando manuten\u00e7\u00e3o regular das barragens existentes, porque no caso de uma grande enchente, o resultado ser\u00e1 desastroso para os moradores do vale e da cidade&#8221;.<\/p>\n<p data-t=\"{&quot;n&quot;:&quot;blueLinks&quot;}\">V\u00e1rios especialistas destacaram o poss\u00edvel papel que a instabilidade pol\u00edtica na L\u00edbia desempenhou nas condi\u00e7\u00f5es de manuten\u00e7\u00e3o da barragem.<\/p>\n<div class=\"article-image-slot image-slot-placeholder\" data-image-href=\"https:\/\/www.msn.com\/pt-br\/noticias\/ciencia\/o-que-fez-com-que-o-ciclone-na-l%C3%ADbia-fosse-t%C3%A3o-devastador\/ar-AA1gFSgj?ocid=mailsignout&amp;cvid=7bc13c3a32e845199ac54ad32f995b95&amp;ei=48&amp;fullscreen=true#image=6\" data-doc-id=\"cms\/api\/amp\/image\/AA1gFZjS\" data-reset-char-count=\"true\">\n<div class=\"article-image-slot\">\n<div class=\"article-image-container \">\n<div>&nbsp;<\/div>\n<p><a class=\"article-image-height-wrapper  article-image-height-wrapper-new\" href=\"https:\/\/www.msn.com\/pt-br\/noticias\/ciencia\/o-que-fez-com-que-o-ciclone-na-l%C3%ADbia-fosse-t%C3%A3o-devastador\/ar-AA1gFSgj?ocid=mailsignout&amp;cvid=7bc13c3a32e845199ac54ad32f995b95&amp;ei=48&amp;fullscreen=true#image=2\" target=\"_self\" rel=\"noopener\"><img decoding=\"async\" class=\"article-image article-image-ux-impr  article-image-new\" title=\"O que fez com que o ciclone na L\u00edbia fosse t\u00e3o devastador?\" src=\"https:\/\/img-s-msn-com.akamaized.net\/tenant\/amp\/entityid\/AA1gFZjS.img?w=768&amp;h=667&amp;m=6\" alt=\"O que fez com que o ciclone na L\u00edbia fosse t\u00e3o devastador?\"><\/a><\/p>\n<div class=\"image-caption-container image-caption-container-ux-impr content-small-text articlewc-image-caption-container \"><span class=\"image-caption\">O que fez com que o ciclone na L\u00edbia fosse t\u00e3o devastador?<\/span><span class=\"image-attribution image-attribution-ux-impr\">\u00a9&nbsp;BBC<\/span><\/div>\n<\/div>\n<\/div>\n<\/div>\n<p data-t=\"{&quot;n&quot;:&quot;blueLinks&quot;}\">Os esfor\u00e7os de resgate na cidade continuam. O jornalista l\u00edbio Johr Ali, que conversou com sobreviventes na cidade, disse \u00e0 BBC que as pessoas est\u00e3o ouvindo &#8220;choro de beb\u00eas&#8221; sob os escombros e n\u00e3o sabem como chegar at\u00e9 eles.<\/p>\n<p data-t=\"{&quot;n&quot;:&quot;blueLinks&quot;}\">&#8220;As pessoas est\u00e3o usando p\u00e1s para retirar corpos dos escombros, est\u00e3o usando as pr\u00f3prias m\u00e3os. Todos dizem que parece o apocalipse&#8221;, disse Ali.<\/p>\n<p data-t=\"{&quot;n&quot;:&quot;blueLinks&quot;}\"><em>*Produzido por Chris Clayton, Mike Hills, Paul Sargeant, Tural Ahmedzade, Kady Wardell, Gerry Fletcher, Filipa Silverio e Erwan Rivault. Com reportagem adicional de Mark Poynting, Peter Mwai, Jake Horton e Esme Stallard.<\/em><\/p>\n<h3>Related Images:<\/h3>","protected":false},"excerpt":{"rendered":"<p>As enchentes devastadoras que atingiram a L\u00edbia com a passagem do ciclone Daniel pelo pa\u00eds&#8230;<\/p>\n","protected":false},"author":1,"featured_media":41493,"comment_status":"closed","ping_status":"open","sticky":false,"template":"","format":"standard","meta":{"sfsi_plus_gutenberg_text_before_share":"","sfsi_plus_gutenberg_show_text_before_share":"","sfsi_plus_gutenberg_icon_type":"","sfsi_plus_gutenberg_icon_alignemt":"","sfsi_plus_gutenburg_max_per_row":"","_exactmetrics_skip_tracking":false,"_exactmetrics_sitenote_active":false,"_exactmetrics_sitenote_note":"","_exactmetrics_sitenote_category":0,"ngg_post_thumbnail":0,"footnotes":""},"categories":[115],"tags":[],"class_list":["post-41492","post","type-post","status-publish","format-standard","has-post-thumbnail","hentry","category-acontece"],"_links":{"self":[{"href":"https:\/\/www.diasdavilaacontece.com\/index.php?rest_route=\/wp\/v2\/posts\/41492","targetHints":{"allow":["GET"]}}],"collection":[{"href":"https:\/\/www.diasdavilaacontece.com\/index.php?rest_route=\/wp\/v2\/posts"}],"about":[{"href":"https:\/\/www.diasdavilaacontece.com\/index.php?rest_route=\/wp\/v2\/types\/post"}],"author":[{"embeddable":true,"href":"https:\/\/www.diasdavilaacontece.com\/index.php?rest_route=\/wp\/v2\/users\/1"}],"replies":[{"embeddable":true,"href":"https:\/\/www.diasdavilaacontece.com\/index.php?rest_route=%2Fwp%2Fv2%2Fcomments&post=41492"}],"version-history":[{"count":1,"href":"https:\/\/www.diasdavilaacontece.com\/index.php?rest_route=\/wp\/v2\/posts\/41492\/revisions"}],"predecessor-version":[{"id":41494,"href":"https:\/\/www.diasdavilaacontece.com\/index.php?rest_route=\/wp\/v2\/posts\/41492\/revisions\/41494"}],"wp:featuredmedia":[{"embeddable":true,"href":"https:\/\/www.diasdavilaacontece.com\/index.php?rest_route=\/wp\/v2\/media\/41493"}],"wp:attachment":[{"href":"https:\/\/www.diasdavilaacontece.com\/index.php?rest_route=%2Fwp%2Fv2%2Fmedia&parent=41492"}],"wp:term":[{"taxonomy":"category","embeddable":true,"href":"https:\/\/www.diasdavilaacontece.com\/index.php?rest_route=%2Fwp%2Fv2%2Fcategories&post=41492"},{"taxonomy":"post_tag","embeddable":true,"href":"https:\/\/www.diasdavilaacontece.com\/index.php?rest_route=%2Fwp%2Fv2%2Ftags&post=41492"}],"curies":[{"name":"wp","href":"https:\/\/api.w.org\/{rel}","templated":true}]}}