{"id":45488,"date":"2024-09-02T10:13:22","date_gmt":"2024-09-02T10:13:22","guid":{"rendered":"https:\/\/www.diasdavilaacontece.com\/?p=45488"},"modified":"2024-09-02T10:13:22","modified_gmt":"2024-09-02T10:13:22","slug":"bandeira-vermelha-patamar-2-conta-de-luz-com-aumento-no-mes-de-setembro","status":"publish","type":"post","link":"https:\/\/www.diasdavilaacontece.com\/?p=45488","title":{"rendered":"BANDEIRA VERMELHA PATAMAR 2: CONTA DE LUZ COM AUMENTO NO M\u00caS DE SETEMBRO"},"content":{"rendered":"<p>Devido \u00e0 baixa previs\u00e3o da m\u00e9dia de chuvas&nbsp;para o m\u00eas de setembro, a conta de energia ir\u00e1 aumentar. A bandeira vermelha patamar 2 ser\u00e1 acionada e o brasileiro ter\u00e1 que economizar para aliviar o bolso.<\/p>\n<p>Segundo a&nbsp;Ag\u00eancia Nacional de Energia El\u00e9trica (Aneel) divulgou, na \u00faltima sexta-feira (30), o custo extra ser\u00e1 de R$ 7,87 a cada 100 quilowatts. Desde agosto de 2021, a bandeira vermelha patamar 2 n\u00e3o \u00e9 acionada.Em abril de 2022, uma sequ\u00eancia de bandeiras verdes foi iniciada. As bandeiras verdes foram interrompidas apenas em julho de 2024 com bandeira amarela, seguida de bandeira verde em agosto.<\/p>\n<h3>Related Images:<\/h3>","protected":false},"excerpt":{"rendered":"<p>Devido \u00e0 baixa previs\u00e3o da m\u00e9dia de chuvas&nbsp;para o m\u00eas de setembro, a conta de&#8230;<\/p>\n","protected":false},"author":1,"featured_media":45489,"comment_status":"closed","ping_status":"open","sticky":false,"template":"","format":"standard","meta":{"sfsi_plus_gutenberg_text_before_share":"","sfsi_plus_gutenberg_show_text_before_share":"","sfsi_plus_gutenberg_icon_type":"","sfsi_plus_gutenberg_icon_alignemt":"","sfsi_plus_gutenburg_max_per_row":"","_exactmetrics_skip_tracking":false,"_exactmetrics_sitenote_active":false,"_exactmetrics_sitenote_note":"","_exactmetrics_sitenote_category":0,"ngg_post_thumbnail":0,"footnotes":""},"categories":[115],"tags":[],"class_list":["post-45488","post","type-post","status-publish","format-standard","has-post-thumbnail","hentry","category-acontece"],"_links":{"self":[{"href":"https:\/\/www.diasdavilaacontece.com\/index.php?rest_route=\/wp\/v2\/posts\/45488","targetHints":{"allow":["GET"]}}],"collection":[{"href":"https:\/\/www.diasdavilaacontece.com\/index.php?rest_route=\/wp\/v2\/posts"}],"about":[{"href":"https:\/\/www.diasdavilaacontece.com\/index.php?rest_route=\/wp\/v2\/types\/post"}],"author":[{"embeddable":true,"href":"https:\/\/www.diasdavilaacontece.com\/index.php?rest_route=\/wp\/v2\/users\/1"}],"replies":[{"embeddable":true,"href":"https:\/\/www.diasdavilaacontece.com\/index.php?rest_route=%2Fwp%2Fv2%2Fcomments&post=45488"}],"version-history":[{"count":1,"href":"https:\/\/www.diasdavilaacontece.com\/index.php?rest_route=\/wp\/v2\/posts\/45488\/revisions"}],"predecessor-version":[{"id":45490,"href":"https:\/\/www.diasdavilaacontece.com\/index.php?rest_route=\/wp\/v2\/posts\/45488\/revisions\/45490"}],"wp:featuredmedia":[{"embeddable":true,"href":"https:\/\/www.diasdavilaacontece.com\/index.php?rest_route=\/wp\/v2\/media\/45489"}],"wp:attachment":[{"href":"https:\/\/www.diasdavilaacontece.com\/index.php?rest_route=%2Fwp%2Fv2%2Fmedia&parent=45488"}],"wp:term":[{"taxonomy":"category","embeddable":true,"href":"https:\/\/www.diasdavilaacontece.com\/index.php?rest_route=%2Fwp%2Fv2%2Fcategories&post=45488"},{"taxonomy":"post_tag","embeddable":true,"href":"https:\/\/www.diasdavilaacontece.com\/index.php?rest_route=%2Fwp%2Fv2%2Ftags&post=45488"}],"curies":[{"name":"wp","href":"https:\/\/api.w.org\/{rel}","templated":true}]}}