{"id":45896,"date":"2024-10-09T22:40:05","date_gmt":"2024-10-09T22:40:05","guid":{"rendered":"https:\/\/www.diasdavilaacontece.com\/?p=45896"},"modified":"2024-10-09T23:04:01","modified_gmt":"2024-10-09T23:04:01","slug":"veja-como-ficou-os-votos-de-todos-os-candidatos-na-eleicao-em-dias-davila-confira-aqui","status":"publish","type":"post","link":"https:\/\/www.diasdavilaacontece.com\/?p=45896","title":{"rendered":"VEJA COMO FICOU OS VOTOS DE TODOS OS CANDIDATOS NA ELEI\u00c7\u00c3O EM DIAS D&#8217;\u00c1VILA &#8211; CONFIRA AQUI"},"content":{"rendered":"<p>Veja aqui, os nomes e partidos, quantidades de votos e a porcentagem de cada candidato nas elei\u00e7\u00f5es de Dias d&#8217;\u00c1vila no domingo, dia 6 de outubro:&nbsp;<\/p>\n<p>&nbsp;<\/p>\n<p><strong>J\u00fanior do Requeij\u00e3o PSDB 3,32% 1.338<\/strong><\/p>\n<p><strong>Maran Azevedo&nbsp; REPUBLICANOS 3,27% 1.316<\/strong><\/p>\n<p><strong>Josemar Jolicar UNI\u00c3O 3,08% 1.238<\/strong><\/p>\n<p><strong>Tucano PSDB 2,99% 1.202<\/strong><\/p>\n<p><strong>Marco Antonio UNI\u00c3O 2,64% 1.062<\/strong><\/p>\n<p><strong>Joabe Palmeira PSB 2,51% 1.009<\/strong><\/p>\n<p><strong>Pastor J\u00fanior de Aracy PSDB 2,46% 989<\/strong><\/p>\n<p><strong>Thiago Saraiva UNI\u00c3O 2,42% 976<\/strong><\/p>\n<p><strong>Josias da Feira PSDB 2,33% 937<\/strong><\/p>\n<p><strong>Raimundo Santana REPUBLICANOS 2,32% 933<\/strong><\/p>\n<p>Irm\u00e3o Edvaldo PSDB 2,25% 906<\/p>\n<p><strong>Ivan Lima REPUBLICANOS 2,23% 899<\/strong><\/p>\n<p>Diego Schesari PSDB 2,20% 887<\/p>\n<p><strong>Renato Henrique PP 2,15% 867<\/strong><\/p>\n<p><strong>Cleiton Lima &nbsp;PV 2,13% 857<\/strong><\/p>\n<p>Dona Zeni REPUBLICANOS 2,03% 819<\/p>\n<p>Professora Rosenir PT 1,97% 795<\/p>\n<p>Pastor J\u00fanior UNI\u00c3O 1,85% 743<\/p>\n<p>Professor Mazinho PSDB 1,82% 733<\/p>\n<p>Fabio Jorge UNI\u00c3O 1,61% 649<\/p>\n<p>Geize a Preta UNI\u00c3O 1,53% 615<\/p>\n<p><strong>Imperatriz PSD 1,47% 592<\/strong><\/p>\n<p>Priscila da Sa\u00fade PSB 1,44% 580<\/p>\n<p>Cruel PP 1,39% 559<\/p>\n<p>Tania Enfermeira PSDB 1,30% 524<\/p>\n<p>Almiro Nunes UNI\u00c3O 1,22% 493<\/p>\n<p><strong>Thiago Lima PL 1,16% 465<\/strong><\/p>\n<p>Chico da Sermont PL 1,08% 435<\/p>\n<p>Elder Tavares PSB 1,06% 425<\/p>\n<p>Atila Brito PP 1,04% 417<\/p>\n<p>Geraldo Requi\u00e3o PSD 1,01% 405<\/p>\n<p>Dra Aleide REPUBLICANOS 1,00% 404<\/p>\n<p>Igor Fran\u00e7a PP 0,99% 400<\/p>\n<p>Serginho Pocotch\u00e1 REPUBLICANOS 0,99% 398<\/p>\n<p>Josu\u00e9 Ara\u00fajo PP 0,95% 383<\/p>\n<p>Prof Dra Claudia Bastos UNI\u00c3O 0,87% 349<\/p>\n<p>Capit\u00e3o Jaildo PP 0,83% 334<\/p>\n<p>Pimentel PSD 0,81% 327<\/p>\n<p>Adilton Santana PSD 0,78% 312<\/p>\n<p>Sancler REPUBLICANOS 0,75% 303<\/p>\n<p>Soninha UNI\u00c3O 0,70% 282<\/p>\n<p>Ricardo Miguez PL 0,67% 268<\/p>\n<p>Dirceu da Van UNI\u00c3O 0,59% 236<\/p>\n<p>Alex Biscoito PSDB 0,58% 233<\/p>\n<p>Dudu Alves PP 0,55% 223<\/p>\n<p>Tio Ale REPUBLICANOS 0,55% 221<\/p>\n<p>Bita de Raimundinho PL 0,52% 210<\/p>\n<p>Marcia Gomes PSB 0,51% 207<\/p>\n<p>Roberto Bryan PSB 0,49% 198<\/p>\n<p>Sergio Pi\u00e3o PT 0,49% 196<\/p>\n<p>Alonso PSD 0,48% 192<\/p>\n<p>Edy Andrade REPUBLICANOS 0,47% 191<\/p>\n<p>Robson Outletdd PP 0,47% 188<\/p>\n<p>Dr Yang da Clisana REPUBLICANOS 0,46% 186<\/p>\n<p>Dr Jesse PL 0,45% 183<\/p>\n<p>Chico da Madeira PT 0,45% 183<\/p>\n<p>Tota AGIR 0,45% 183<\/p>\n<p>Mestre Ivan Leite PP 0,45% 180<\/p>\n<p>Ilsi Moura PT 0,44% 176<\/p>\n<p>Antonio Sarmento UNI\u00c3O 0,43% 174<\/p>\n<p>Zaila dos Idosos REPUBLICANOS 0,42% 168<\/p>\n<p>Pr\u00f3 Nalva PP 0,41% 167<\/p>\n<p>Pro Rosangela PL 0,41% 166<\/p>\n<p>Adiel Dicka PSD 0,41% 166<\/p>\n<p>Marrom PSB 0,39% 156<\/p>\n<p>Datena PSDB 0,38% 152<\/p>\n<p>Galeguinho do Bar MDB 0,37% 149<\/p>\n<p>Fia do Povo UNI\u00c3O 0,36% 145<\/p>\n<p>Josue de Lima PL 0,35% 139<\/p>\n<p>Irma Tania PL 0,34% 138<\/p>\n<p>Bahia do Povo MDB 0,34% 138<\/p>\n<p>Valeria da Inclus\u00e3o PSDB 0,34% 136<\/p>\n<p>Bombeiro Lucas PSB 0,33% 134<\/p>\n<p>Arnaldo REPUBLICANOS 0,33% 131<\/p>\n<p>Bira Ciclista PT 0,31% 124<\/p>\n<p>Corr\u00f3 PSDB 0,28% 114<\/p>\n<p>Sheila UNI\u00c3O 0,27% 110<\/p>\n<p>Leo Mineiro SOLIDARIEDADE 0,27% 110<\/p>\n<p>Prof Fabricio Viana PSD 0,27% 108<\/p>\n<p>Anderson Guimar\u00e3es PSDB 0,27% 107<\/p>\n<p>Wellington Mica PL 0,26% 106<\/p>\n<p>Lucia Assistente Social PSDB 0,26% 105<\/p>\n<p>Rogerio Cara No Sol UNI\u00c3O 0,26% 105<\/p>\n<p>Fabiano do Povo PT 0,26% 105<\/p>\n<p>Claud\u00e3o PSB 0,26% 105<\/p>\n<p>Ilza Cabeleireira PL 0,26% 104<\/p>\n<p>Ricardo do Jud\u00f4 UNI\u00c3O 0,26% 103<\/p>\n<p>Carlos Mototaxi PT 0,25% 101<\/p>\n<p>Genilson Garrincha PP 0,25% 99<\/p>\n<p>Prof Bob\u00f4 UNI\u00c3O 0,24% 95<\/p>\n<p>Buchinha Suzarte PT 0,23% 93<\/p>\n<p>Z\u00e9 Carlos do G\u00e1s MDB 0,21% 85<\/p>\n<p>Raimundo Atleta Galeg\u00e3o PSD 0,21% 83<\/p>\n<p>Pr\u00f3 Gra\u00e7a MDB 0,20% 82<\/p>\n<p>Pr\u00f3 Edilza PSD 0,20% 81<\/p>\n<p>Boy do Bloco PL 0,20% 79<\/p>\n<p>Claudia Trabuco REPUBLICANOS 0,19% 77<\/p>\n<p>Z\u00e9 Paulo MDB 0,19% 76<\/p>\n<p>Franco Andrade AGIR 0,19% 76<\/p>\n<p>Dalva da Sa\u00fade PC do B 0,19% 75<\/p>\n<p>Ze Pereira AGIR 0,18% 74<\/p>\n<p>Presb\u00edtero Jorge REPUBLICANOS 0,18% 71<\/p>\n<p>Marcelinho Jolicar MDB 0,17% 69<\/p>\n<p>Pr Erisvaldo PSD 0,16% 66<\/p>\n<p>Nice Bueno SOLIDARIEDADE 0,16% 66<\/p>\n<p>Ruthe Eleot\u00e9rio PP 0,16% 64<\/p>\n<p>Pr Galdino AGIR 0,16% 63<\/p>\n<p>Toinho da Feirinha PL 0,13% 54<\/p>\n<p>Rodrigo Dig\u00e3o PSB 0,13% 54<\/p>\n<p>Pr\u00f3 Nereida PSB 0,13% 51<\/p>\n<p>Irm\u00e3 Uda AGIR 0,13% 51<\/p>\n<p>Jonas Melo PSD 0,12% 49<\/p>\n<p>Prof Luciano AGIR 0,12% 49<\/p>\n<p>Juda Pazos SOLIDARIEDADE 0,12% 49<\/p>\n<p>T\u00e2nia Galv\u00e3o PV 0,11% 45<\/p>\n<p>Roque Tadeu PT 0,11% 44<\/p>\n<p>Rangel Alexandre PSD 0,11% 43<\/p>\n<p>Jorge Coia SOLIDARIEDADE 0,11% 43<\/p>\n<p>Prof Sonia PODE 0,10% 42<\/p>\n<p>Val Vieira SOLIDARIEDADE 0,10% 42<\/p>\n<p>Leo do Boxe SOLIDARIEDADE 0,10% 40<\/p>\n<p>Sabinno PODE 0,10% 40<\/p>\n<p>In\u00e1 PSD 0,10% 39<\/p>\n<p>Apostolo Diego Gomes PL 0,09% 38<\/p>\n<p>Valney Silva REPUBLICANOS 0,09% 37<\/p>\n<p>Lainan Junger PP 0,09% 37<\/p>\n<p>Geovan do Mel AGIR 0,09% 37<\/p>\n<p>Prof. Barbosa PT 0,09% 36<\/p>\n<p>Mateus da Juventude PT 0,09% 35<\/p>\n<p>Jack do Pov\u00e3o REPUBLICANOS 0,08% 34<\/p>\n<p>Fabiana Caldas AGIR 0,08% 34<\/p>\n<p>Adriano do G\u00e1s PODE 0,08% 34<\/p>\n<p>Mabia Carine PP 0,08% 33<\/p>\n<p>Isidro Amaral PODE 0,08% 32<\/p>\n<p>Gesse Silva SOLIDARIEDADE 0,07% 28<\/p>\n<p>Bispa Neia AGIR 0,07% 28<\/p>\n<p>Matias do Povo PC do B 0,06% 25<\/p>\n<p>Nina Barril PSDB 0,06% 24<\/p>\n<p>Washington Show SOLIDARIEDADE 0,06% 24<\/p>\n<p>Claudio Calazans MDB 0,06% 24<\/p>\n<p>Clarissa de Asclep\u00edades MDB 0,06% 23<\/p>\n<p>Zen\u00ed Almeida PSD 0,05% 22<\/p>\n<p>Carminha do Feij\u00e3o MDB 0,05% 22<\/p>\n<p>Evangelista Caldas PODE 0,05% 22<\/p>\n<p>Laercia SOLIDARIEDADE 0,05% 21<\/p>\n<p>Galega Correria SOLIDARIEDADE 0,05% 21<\/p>\n<p>Sergio Carneiro SOLIDARIEDADE 0,05% 20<\/p>\n<p>Mira MDB 0,04% 18<\/p>\n<p>Erivaldo Manchinha AGIR 0,04% 18<\/p>\n<p>Bruno Rios PODE 0,04% 18<\/p>\n<p>Prof Edilene PODE 0,04% 17<\/p>\n<p>Domingos Soares SOLIDARIEDADE 0,04% 16<\/p>\n<p>Taimara Pymentinha SOLIDARIEDADE 0,04% 15<\/p>\n<p>Mata Velho da Biribeira PSD 0,03% 14<\/p>\n<p>Galego da Farinha AGIR 0,03% 14<\/p>\n<p>Jade PL 0,03% 13<\/p>\n<p>Gel Galega PL 0,03% 12<\/p>\n<p>Flavia Franco PSDB 0,03% 12<\/p>\n<p>Pastor Raimundo AGIR 0,03% 12<\/p>\n<p>J\u00fanior PL 0,03% 11<\/p>\n<p>Edmundo da Escolinha PSB 0,02% 10<\/p>\n<p>Virginia Moreira PP 0,02% 8<\/p>\n<p>Carlos Lacerda PSB 0,02% 8<\/p>\n<p>Wagner Bui\u00fa PODE 0,02% 8<\/p>\n<p>Marc\u00e3o Vigilante MDB 0,02% 8<\/p>\n<p>Lelian MDB 0,02% 8<\/p>\n<p>Charllysantos MDB 0,02% 7<\/p>\n<p>Daniel Pereira PSB 0,01% 5<\/p>\n<p>Miriam de Neto Fog\u00e3o PODE 0,01% 5<\/p>\n<p>Natali PSD 0,01% 4<\/p>\n<p>Maur\u00edcio Teixeira PSB 0,01% 2<\/p>\n<p>Erenaldo dos \u00d4nibus PP 0<\/p>\n<p>Thais da Barragem PSB 0<\/p>\n<p>Vanessa Rocha PSB 0<\/p>\n<p>Eliana Gonzaga&nbsp; SOLIDARIEDADE 0<\/p>\n<p>Gustavo Gremista MDB 0<\/p>\n<p>&nbsp;<\/p>\n<p>&nbsp;<\/p>\n<h3>Related Images:<\/h3>","protected":false},"excerpt":{"rendered":"<p>Veja aqui, os nomes e partidos, quantidades de votos e a porcentagem de cada candidato&#8230;<\/p>\n","protected":false},"author":1,"featured_media":45897,"comment_status":"closed","ping_status":"open","sticky":false,"template":"","format":"standard","meta":{"sfsi_plus_gutenberg_text_before_share":"","sfsi_plus_gutenberg_show_text_before_share":"","sfsi_plus_gutenberg_icon_type":"","sfsi_plus_gutenberg_icon_alignemt":"","sfsi_plus_gutenburg_max_per_row":"","_exactmetrics_skip_tracking":false,"_exactmetrics_sitenote_active":false,"_exactmetrics_sitenote_note":"","_exactmetrics_sitenote_category":0,"ngg_post_thumbnail":0,"footnotes":""},"categories":[5],"tags":[],"class_list":["post-45896","post","type-post","status-publish","format-standard","has-post-thumbnail","hentry","category-destaques"],"_links":{"self":[{"href":"https:\/\/www.diasdavilaacontece.com\/index.php?rest_route=\/wp\/v2\/posts\/45896","targetHints":{"allow":["GET"]}}],"collection":[{"href":"https:\/\/www.diasdavilaacontece.com\/index.php?rest_route=\/wp\/v2\/posts"}],"about":[{"href":"https:\/\/www.diasdavilaacontece.com\/index.php?rest_route=\/wp\/v2\/types\/post"}],"author":[{"embeddable":true,"href":"https:\/\/www.diasdavilaacontece.com\/index.php?rest_route=\/wp\/v2\/users\/1"}],"replies":[{"embeddable":true,"href":"https:\/\/www.diasdavilaacontece.com\/index.php?rest_route=%2Fwp%2Fv2%2Fcomments&post=45896"}],"version-history":[{"count":1,"href":"https:\/\/www.diasdavilaacontece.com\/index.php?rest_route=\/wp\/v2\/posts\/45896\/revisions"}],"predecessor-version":[{"id":45898,"href":"https:\/\/www.diasdavilaacontece.com\/index.php?rest_route=\/wp\/v2\/posts\/45896\/revisions\/45898"}],"wp:featuredmedia":[{"embeddable":true,"href":"https:\/\/www.diasdavilaacontece.com\/index.php?rest_route=\/wp\/v2\/media\/45897"}],"wp:attachment":[{"href":"https:\/\/www.diasdavilaacontece.com\/index.php?rest_route=%2Fwp%2Fv2%2Fmedia&parent=45896"}],"wp:term":[{"taxonomy":"category","embeddable":true,"href":"https:\/\/www.diasdavilaacontece.com\/index.php?rest_route=%2Fwp%2Fv2%2Fcategories&post=45896"},{"taxonomy":"post_tag","embeddable":true,"href":"https:\/\/www.diasdavilaacontece.com\/index.php?rest_route=%2Fwp%2Fv2%2Ftags&post=45896"}],"curies":[{"name":"wp","href":"https:\/\/api.w.org\/{rel}","templated":true}]}}