{"id":45899,"date":"2024-10-09T22:59:41","date_gmt":"2024-10-09T22:59:41","guid":{"rendered":"https:\/\/www.diasdavilaacontece.com\/?p=45899"},"modified":"2024-10-10T12:44:40","modified_gmt":"2024-10-10T12:44:40","slug":"sessao-na-camara-transcorre-em-clima-de-pos-eleicao-repleta-de-manifestacao-de-agradecimentos-dos-vereadores","status":"publish","type":"post","link":"https:\/\/www.diasdavilaacontece.com\/?p=45899","title":{"rendered":"SESS\u00c3O NA C\u00c2MARA TRANSCORRE EM CLIMA DE P\u00d3S-ELEI\u00c7\u00c3O, REPLETA DE MANIFESTA\u00c7\u00c3O DE AGRADECIMENTOS DOS VEREADORES"},"content":{"rendered":"<p>A Sess\u00e3o Ordin\u00e1ria da C\u00e2mara de Vereadores de Dias d&#8217;\u00c1vila nesta quarta-feira (9) se desenrolou em tom eleitoral &#8211; ocasi\u00e3o em que os candidatos aproveitaram a maioria dos seus tempos para falar do pleito, de suas lutas para serem eleitos, para agradecer ao povo pela vota\u00e7\u00e3o e alguns, falaram da perda de seus mandatos.<\/p>\n<p>Mesmos aqueles que n\u00e3o se elegeram vieram \u00e0 publico a agradecer pelos seus votos e agradecer a Deus pela gest\u00e3o que est\u00e1 se findando.<\/p>\n<p>O vereador J\u00fanior do Requeij\u00e3o (PSDB) conduziu a sess\u00e3o com maestria, ouvindo a todos e prestigiando aqueles que extrapolavam seus tempos, que foram de 10 minutos para cada edil.<\/p>\n<p>A plen\u00e1ria estava repleta de pessoas do povo que vieram ouvir os seus edis &#8211; e muitos interagiram com as falas dos vereadores &#8211; o que \u00e9 proibido pelo regimento da casa, mas que aconteceu como manifesta\u00e7\u00e3o positiva dos presentes &#8211; pois a sess\u00e3o era de manifesta\u00e7\u00f5es.<\/p>\n<p>Alguns dos vereadores eleitos pela primeira vez compareceram &#8211; como os novatos Marco Ant\u00f4nio (UNI\u00c3O BRASIL) e Ivan Lima (REPUBLICANOS).<\/p>\n<p>Mesmo em clima de congra\u00e7amento, as vereadoras Professora Rosenir (PT) e Regiane da Sa\u00fade (PSB) n\u00e3o compareceram para a sess\u00e3o.<\/p>\n<p>Com a casa cheia, o vereador presidente da casa encerrou a sess\u00e3o, marcando a pr\u00f3xima para a quarta-feira, 16 de outubro.<\/p>\n<p>&nbsp;<\/p>\n<h3>Related Images:<\/h3>","protected":false},"excerpt":{"rendered":"<p>A Sess\u00e3o Ordin\u00e1ria da C\u00e2mara de Vereadores de Dias d&#8217;\u00c1vila nesta quarta-feira (9) se desenrolou&#8230;<\/p>\n","protected":false},"author":1,"featured_media":45900,"comment_status":"closed","ping_status":"open","sticky":false,"template":"","format":"standard","meta":{"sfsi_plus_gutenberg_text_before_share":"","sfsi_plus_gutenberg_show_text_before_share":"","sfsi_plus_gutenberg_icon_type":"","sfsi_plus_gutenberg_icon_alignemt":"","sfsi_plus_gutenburg_max_per_row":"","_exactmetrics_skip_tracking":false,"_exactmetrics_sitenote_active":false,"_exactmetrics_sitenote_note":"","_exactmetrics_sitenote_category":0,"ngg_post_thumbnail":0,"footnotes":""},"categories":[115],"tags":[],"class_list":["post-45899","post","type-post","status-publish","format-standard","has-post-thumbnail","hentry","category-acontece"],"_links":{"self":[{"href":"https:\/\/www.diasdavilaacontece.com\/index.php?rest_route=\/wp\/v2\/posts\/45899","targetHints":{"allow":["GET"]}}],"collection":[{"href":"https:\/\/www.diasdavilaacontece.com\/index.php?rest_route=\/wp\/v2\/posts"}],"about":[{"href":"https:\/\/www.diasdavilaacontece.com\/index.php?rest_route=\/wp\/v2\/types\/post"}],"author":[{"embeddable":true,"href":"https:\/\/www.diasdavilaacontece.com\/index.php?rest_route=\/wp\/v2\/users\/1"}],"replies":[{"embeddable":true,"href":"https:\/\/www.diasdavilaacontece.com\/index.php?rest_route=%2Fwp%2Fv2%2Fcomments&post=45899"}],"version-history":[{"count":3,"href":"https:\/\/www.diasdavilaacontece.com\/index.php?rest_route=\/wp\/v2\/posts\/45899\/revisions"}],"predecessor-version":[{"id":45923,"href":"https:\/\/www.diasdavilaacontece.com\/index.php?rest_route=\/wp\/v2\/posts\/45899\/revisions\/45923"}],"wp:featuredmedia":[{"embeddable":true,"href":"https:\/\/www.diasdavilaacontece.com\/index.php?rest_route=\/wp\/v2\/media\/45900"}],"wp:attachment":[{"href":"https:\/\/www.diasdavilaacontece.com\/index.php?rest_route=%2Fwp%2Fv2%2Fmedia&parent=45899"}],"wp:term":[{"taxonomy":"category","embeddable":true,"href":"https:\/\/www.diasdavilaacontece.com\/index.php?rest_route=%2Fwp%2Fv2%2Fcategories&post=45899"},{"taxonomy":"post_tag","embeddable":true,"href":"https:\/\/www.diasdavilaacontece.com\/index.php?rest_route=%2Fwp%2Fv2%2Ftags&post=45899"}],"curies":[{"name":"wp","href":"https:\/\/api.w.org\/{rel}","templated":true}]}}