{"id":45904,"date":"2024-10-09T23:43:31","date_gmt":"2024-10-09T23:43:31","guid":{"rendered":"https:\/\/www.diasdavilaacontece.com\/?p=45904"},"modified":"2024-10-10T00:42:55","modified_gmt":"2024-10-10T00:42:55","slug":"o-pt-de-dias-davila-junta-seus-cacos-apos-a-eleicao-de-2024-e-nao-elege-nenhum-candidato","status":"publish","type":"post","link":"https:\/\/www.diasdavilaacontece.com\/?p=45904","title":{"rendered":"O PT DE DIAS D&#8217;\u00c1VILA JUNTA SEUS CACOS AP\u00d3S A ELEI\u00c7\u00c3O DE 2024 E N\u00c3O ELEGE NENHUM CANDIDATO"},"content":{"rendered":"<p>Ap\u00f3s a apura\u00e7\u00e3o das urnas no domingo (6) da elei\u00e7\u00e3o, verificou-se que o Partido dos Trabalhadores em Dias d&#8217;\u00c1vila n\u00e3o elegeu nenhum candidato para sua representatividade na cidade.<\/p>\n<p>O PT, que na gest\u00e3o passada tinha a Professora Rosenir como \u00fanica representante e atuante militante na cidade e nas esfera do estado &#8211; e nas elei\u00e7\u00f5es de 2013 e de 2017 se mostrava forte &#8211; naquela \u00e9poca com a prefeita Jussara M\u00e1rcia no executivo, Thiago Saraiva no legislativo com pulso forte &#8211; agora caminha para quatro anos sem um expoente na pol\u00edtica municipal.<\/p>\n<p>Pra quem vive em Dias d&#8217;\u00c1vila, viu o PT municipal se dividir entre a candidatura de Jussara M\u00e1rcia e a de Rose Requi\u00e3o, que teve de vir candidata pelo PSD e a mesma abdicar de vir cabe\u00e7a de chapa para ser candidata a vice-prefeita na chapa de Raimundinho da JR (PL).<\/p>\n<p>Insatisfeitos com a maneira que Jussara assumiu o Partido dos Trabalhadores, com o aval de Rui Costa e Jaques Wagner, parte do PT municipal que se dizia raiz e que sempre representou esta for\u00e7a politica em Dias d&#8217;\u00c1vila, insatisfeitos, acompanhou Rose Requi\u00e3o para defender a chapa do candidato do PL.<\/p>\n<p>Pra piorar tudo, o governador do estado, o petista Jer\u00f4nimo Rodrigues, n\u00e3o veio a cidade prestigiar seu partido e nem a sua candidata, dividido que estava com o nome do deputado Raimundinho da JR. Aqui tamb\u00e9m n\u00e3o apareceu nem Jaques Wagner e nem Rui Costa, em um claro sinal de que o PT na cidade perdia suas for\u00e7as.<\/p>\n<p>Com o barco \u00e0 deriva, a candidata Jussara M\u00e1rcia acabou amargando um terceiro lugar no pleito, recebendo 6.241 votos &#8211; contra 10.460 de Raimundinho da JR e 22.281 de Alberto Castro (PSDB) atual gestor de Dias d&#8217;\u00c1vila.<\/p>\n<p>Fato \u00e9 que o PT agora precisa se reestruturar, modelar suas pol\u00edticas locais, elaborar suas metas, filiar pessoas que venham realmente defender o partido e evitar de juntar os cacos partidos neste pleito &#8211; \u00e9 pensar pra frente e buscar filia\u00e7\u00f5es que mude a cara deste velho PT que a cidade de Dias d&#8217;\u00c1vila tem e que precisa ser mudado e melhorado. Tudo isso sem precisar apontar culpados por esta tr\u00e1gica trajet\u00f3ria nesta elei\u00e7\u00e3o.<\/p>\n<h3>Related Images:<\/h3>","protected":false},"excerpt":{"rendered":"<p>Ap\u00f3s a apura\u00e7\u00e3o das urnas no domingo (6) da elei\u00e7\u00e3o, verificou-se que o Partido dos&#8230;<\/p>\n","protected":false},"author":1,"featured_media":45905,"comment_status":"closed","ping_status":"open","sticky":false,"template":"","format":"standard","meta":{"sfsi_plus_gutenberg_text_before_share":"","sfsi_plus_gutenberg_show_text_before_share":"","sfsi_plus_gutenberg_icon_type":"","sfsi_plus_gutenberg_icon_alignemt":"","sfsi_plus_gutenburg_max_per_row":"","_exactmetrics_skip_tracking":false,"_exactmetrics_sitenote_active":false,"_exactmetrics_sitenote_note":"","_exactmetrics_sitenote_category":0,"ngg_post_thumbnail":0,"footnotes":""},"categories":[5],"tags":[],"class_list":["post-45904","post","type-post","status-publish","format-standard","has-post-thumbnail","hentry","category-destaques"],"_links":{"self":[{"href":"https:\/\/www.diasdavilaacontece.com\/index.php?rest_route=\/wp\/v2\/posts\/45904","targetHints":{"allow":["GET"]}}],"collection":[{"href":"https:\/\/www.diasdavilaacontece.com\/index.php?rest_route=\/wp\/v2\/posts"}],"about":[{"href":"https:\/\/www.diasdavilaacontece.com\/index.php?rest_route=\/wp\/v2\/types\/post"}],"author":[{"embeddable":true,"href":"https:\/\/www.diasdavilaacontece.com\/index.php?rest_route=\/wp\/v2\/users\/1"}],"replies":[{"embeddable":true,"href":"https:\/\/www.diasdavilaacontece.com\/index.php?rest_route=%2Fwp%2Fv2%2Fcomments&post=45904"}],"version-history":[{"count":2,"href":"https:\/\/www.diasdavilaacontece.com\/index.php?rest_route=\/wp\/v2\/posts\/45904\/revisions"}],"predecessor-version":[{"id":45907,"href":"https:\/\/www.diasdavilaacontece.com\/index.php?rest_route=\/wp\/v2\/posts\/45904\/revisions\/45907"}],"wp:featuredmedia":[{"embeddable":true,"href":"https:\/\/www.diasdavilaacontece.com\/index.php?rest_route=\/wp\/v2\/media\/45905"}],"wp:attachment":[{"href":"https:\/\/www.diasdavilaacontece.com\/index.php?rest_route=%2Fwp%2Fv2%2Fmedia&parent=45904"}],"wp:term":[{"taxonomy":"category","embeddable":true,"href":"https:\/\/www.diasdavilaacontece.com\/index.php?rest_route=%2Fwp%2Fv2%2Fcategories&post=45904"},{"taxonomy":"post_tag","embeddable":true,"href":"https:\/\/www.diasdavilaacontece.com\/index.php?rest_route=%2Fwp%2Fv2%2Ftags&post=45904"}],"curies":[{"name":"wp","href":"https:\/\/api.w.org\/{rel}","templated":true}]}}