{"id":46086,"date":"2024-11-01T09:37:10","date_gmt":"2024-11-01T09:37:10","guid":{"rendered":"https:\/\/www.diasdavilaacontece.com\/?p=46086"},"modified":"2024-11-01T09:37:10","modified_gmt":"2024-11-01T09:37:10","slug":"jovem-de-20-anos-e-assassinado-na-praca-da-telebahia-em-dias-davila-com-diversos-tiros","status":"publish","type":"post","link":"https:\/\/www.diasdavilaacontece.com\/?p=46086","title":{"rendered":"JOVEM DE 20 ANOS \u00c9 ASSASSINADO NA PRA\u00c7A DA TELEBAHIA EM DIAS D&#8217;\u00c1VILA COM DIVERSOS TIROS"},"content":{"rendered":"<p class=\"p1\"><span class=\"s1\">Dias d&#8217;\u00c1vila registra nova ocorr\u00eancia contra \u00e0 vida.<\/span><\/p>\n<p class=\"p1\"><span class=\"s1\">A ocorr\u00eancia se deu na noite da quarta-feira(30), na Pra\u00e7a da TeleBahia, local em que tem uma quadra, quando um jovem de 20 anos, identificado como Wellington da Silva Dimytryk, foi assassinado com diversos tiros. O crime se deu por volta das 19;30 horas, quando acontecia uma reuni\u00e3o de uma torcida organizada de um time de futebol.<\/span><\/p>\n<p class=\"p1\"><span class=\"s1\">A v\u00edtima residia no bairro Entroncamento de Dias d&#8217;\u00c1vila e estava no local especificamente para participar do encontro com outros membros da torcida. <\/span><\/p>\n<p class=\"p1\"><span class=\"s1\">Foi quando, homens n\u00e3o identificados chegaram na quadra e dispararam v\u00e1rios tiros contra a v\u00edtima, atingindo-a na cabe\u00e7a e no peito.&nbsp;<\/span><\/p>\n<p class=\"p1\"><span class=\"s1\">BO foi registrado e levantamentos est\u00e3o sendo feitos para descobrir a autoria da ocorr\u00eancia, bem como a motiva\u00e7\u00e3o.<\/span><\/p>\n<h3>Related Images:<\/h3>","protected":false},"excerpt":{"rendered":"<p>Dias d&#8217;\u00c1vila registra nova ocorr\u00eancia contra \u00e0 vida. A ocorr\u00eancia se deu na noite da&#8230;<\/p>\n","protected":false},"author":1,"featured_media":46031,"comment_status":"closed","ping_status":"open","sticky":false,"template":"","format":"standard","meta":{"sfsi_plus_gutenberg_text_before_share":"","sfsi_plus_gutenberg_show_text_before_share":"","sfsi_plus_gutenberg_icon_type":"","sfsi_plus_gutenberg_icon_alignemt":"","sfsi_plus_gutenburg_max_per_row":"","_exactmetrics_skip_tracking":false,"_exactmetrics_sitenote_active":false,"_exactmetrics_sitenote_note":"","_exactmetrics_sitenote_category":0,"ngg_post_thumbnail":0,"footnotes":""},"categories":[56],"tags":[],"class_list":["post-46086","post","type-post","status-publish","format-standard","has-post-thumbnail","hentry","category-dias-davila"],"_links":{"self":[{"href":"https:\/\/www.diasdavilaacontece.com\/index.php?rest_route=\/wp\/v2\/posts\/46086","targetHints":{"allow":["GET"]}}],"collection":[{"href":"https:\/\/www.diasdavilaacontece.com\/index.php?rest_route=\/wp\/v2\/posts"}],"about":[{"href":"https:\/\/www.diasdavilaacontece.com\/index.php?rest_route=\/wp\/v2\/types\/post"}],"author":[{"embeddable":true,"href":"https:\/\/www.diasdavilaacontece.com\/index.php?rest_route=\/wp\/v2\/users\/1"}],"replies":[{"embeddable":true,"href":"https:\/\/www.diasdavilaacontece.com\/index.php?rest_route=%2Fwp%2Fv2%2Fcomments&post=46086"}],"version-history":[{"count":1,"href":"https:\/\/www.diasdavilaacontece.com\/index.php?rest_route=\/wp\/v2\/posts\/46086\/revisions"}],"predecessor-version":[{"id":46087,"href":"https:\/\/www.diasdavilaacontece.com\/index.php?rest_route=\/wp\/v2\/posts\/46086\/revisions\/46087"}],"wp:featuredmedia":[{"embeddable":true,"href":"https:\/\/www.diasdavilaacontece.com\/index.php?rest_route=\/wp\/v2\/media\/46031"}],"wp:attachment":[{"href":"https:\/\/www.diasdavilaacontece.com\/index.php?rest_route=%2Fwp%2Fv2%2Fmedia&parent=46086"}],"wp:term":[{"taxonomy":"category","embeddable":true,"href":"https:\/\/www.diasdavilaacontece.com\/index.php?rest_route=%2Fwp%2Fv2%2Fcategories&post=46086"},{"taxonomy":"post_tag","embeddable":true,"href":"https:\/\/www.diasdavilaacontece.com\/index.php?rest_route=%2Fwp%2Fv2%2Ftags&post=46086"}],"curies":[{"name":"wp","href":"https:\/\/api.w.org\/{rel}","templated":true}]}}