{"id":46088,"date":"2024-11-01T09:51:56","date_gmt":"2024-11-01T09:51:56","guid":{"rendered":"https:\/\/www.diasdavilaacontece.com\/?p=46088"},"modified":"2024-11-01T09:51:56","modified_gmt":"2024-11-01T09:51:56","slug":"criminalidade-governador-afirma-estar-enxugando-gelo-na-seguranca-publica-da-bahia-e-pede-ajuda-ao-governo-federal","status":"publish","type":"post","link":"https:\/\/www.diasdavilaacontece.com\/?p=46088","title":{"rendered":"CRIMINALIDADE: GOVERNADOR AFIRMA ESTAR &#8220;ENXUGANDO GELO&#8221; NA SEGURAN\u00c7A P\u00daBLICA DA BAHIA E PEDE AJUDA AO GOVERNO FEDERAL"},"content":{"rendered":"<p>Durante a reuni\u00e3o que aconteceu na quinta-feira (31) com o presidente Luiz In\u00e1cio Lula da Silva e governadores de todo o Brasil, em Bras\u00edlia, o governador Jer\u00f4nimo Rodrigues (PT), apontou a necessidade de um pacto federativo para enfrentar os desafios da seguran\u00e7a p\u00fablica.<\/p>\n<p>Neste encontro, Jer\u00f4nimo afirmou que os esfor\u00e7os estaduais t\u00eam sido insuficientes para conter a viol\u00eancia, comparando o trabalho a \u201cenxugar gelo\u201d.<\/p>\n<p>O governador destacou o programa \u201cBahia pela Paz\u201d como uma abordagem integrada e inovadora, sugerindo que a seguran\u00e7a p\u00fablica deve ser conduzida al\u00e9m do combate policial. Segundo ele, \u00e9 fundamental que \u00e1reas como educa\u00e7\u00e3o, cultura, gera\u00e7\u00e3o de empregos e combate \u00e0 fome estejam envolvidas no enfrentamento da criminalidade.<\/p>\n<p>Jer\u00f4nimo tamb\u00e9m enfatizou os investimentos dos estados em seguran\u00e7a p\u00fablica, incluindo concursos, aquisi\u00e7\u00e3o de armamentos, capacita\u00e7\u00e3o de policiais e constru\u00e7\u00e3o de estruturas. \u201cTemos o sentimento de que estamos enxugando gelo. A gente faz concurso, compra armas, capacita policiais, constr\u00f3i estruturas, mas os resultados \u00e0s vezes s\u00e3o menores do que aguardamos, e a conta sempre chega \u00e0 mesa dos governadores\u201d, explicou.<\/p>\n<p>Para enfrentar esses desafios, Jer\u00f4nimo apontou que uma lideran\u00e7a mais ativa do governo federal na gest\u00e3o de Propostas de Emenda \u00e0 Constitui\u00e7\u00e3o (PECs) ligadas \u00e0 seguran\u00e7a p\u00fablica seria essencial, buscando solu\u00e7\u00f5es mais amplas e duradouras para o pa\u00eds.<\/p>\n<h3>Related Images:<\/h3>","protected":false},"excerpt":{"rendered":"<p>Durante a reuni\u00e3o que aconteceu na quinta-feira (31) com o presidente Luiz In\u00e1cio Lula da&#8230;<\/p>\n","protected":false},"author":1,"featured_media":46089,"comment_status":"closed","ping_status":"open","sticky":false,"template":"","format":"standard","meta":{"sfsi_plus_gutenberg_text_before_share":"","sfsi_plus_gutenberg_show_text_before_share":"","sfsi_plus_gutenberg_icon_type":"","sfsi_plus_gutenberg_icon_alignemt":"","sfsi_plus_gutenburg_max_per_row":"","_exactmetrics_skip_tracking":false,"_exactmetrics_sitenote_active":false,"_exactmetrics_sitenote_note":"","_exactmetrics_sitenote_category":0,"ngg_post_thumbnail":0,"footnotes":""},"categories":[5],"tags":[],"class_list":["post-46088","post","type-post","status-publish","format-standard","has-post-thumbnail","hentry","category-destaques"],"_links":{"self":[{"href":"https:\/\/www.diasdavilaacontece.com\/index.php?rest_route=\/wp\/v2\/posts\/46088","targetHints":{"allow":["GET"]}}],"collection":[{"href":"https:\/\/www.diasdavilaacontece.com\/index.php?rest_route=\/wp\/v2\/posts"}],"about":[{"href":"https:\/\/www.diasdavilaacontece.com\/index.php?rest_route=\/wp\/v2\/types\/post"}],"author":[{"embeddable":true,"href":"https:\/\/www.diasdavilaacontece.com\/index.php?rest_route=\/wp\/v2\/users\/1"}],"replies":[{"embeddable":true,"href":"https:\/\/www.diasdavilaacontece.com\/index.php?rest_route=%2Fwp%2Fv2%2Fcomments&post=46088"}],"version-history":[{"count":1,"href":"https:\/\/www.diasdavilaacontece.com\/index.php?rest_route=\/wp\/v2\/posts\/46088\/revisions"}],"predecessor-version":[{"id":46090,"href":"https:\/\/www.diasdavilaacontece.com\/index.php?rest_route=\/wp\/v2\/posts\/46088\/revisions\/46090"}],"wp:featuredmedia":[{"embeddable":true,"href":"https:\/\/www.diasdavilaacontece.com\/index.php?rest_route=\/wp\/v2\/media\/46089"}],"wp:attachment":[{"href":"https:\/\/www.diasdavilaacontece.com\/index.php?rest_route=%2Fwp%2Fv2%2Fmedia&parent=46088"}],"wp:term":[{"taxonomy":"category","embeddable":true,"href":"https:\/\/www.diasdavilaacontece.com\/index.php?rest_route=%2Fwp%2Fv2%2Fcategories&post=46088"},{"taxonomy":"post_tag","embeddable":true,"href":"https:\/\/www.diasdavilaacontece.com\/index.php?rest_route=%2Fwp%2Fv2%2Ftags&post=46088"}],"curies":[{"name":"wp","href":"https:\/\/api.w.org\/{rel}","templated":true}]}}