{"id":46091,"date":"2024-11-01T10:16:18","date_gmt":"2024-11-01T10:16:18","guid":{"rendered":"https:\/\/www.diasdavilaacontece.com\/?p=46091"},"modified":"2024-11-01T10:16:18","modified_gmt":"2024-11-01T10:16:18","slug":"saiba-mais-sobre-martinho-lutero-monge-catolico-que-abriu-as-portas-para-o-surgimento-das-igrejas-evangelicas","status":"publish","type":"post","link":"https:\/\/www.diasdavilaacontece.com\/?p=46091","title":{"rendered":"SAIBA MAIS SOBRE MARTINHO LUTERO, MONGE CAT\u00d3LICO QUE ABRIU AS PORTAS PARA O SURGIMENTO DAS IGREJAS EVANG\u00c9LICAS"},"content":{"rendered":"<p data-t=\"{&quot;n&quot;:&quot;blueLinks&quot;}\">Para muitos, ele \u00e9 s\u00f3 um nome relevante naquelas aulas de hist\u00f3ria da escola, sobretudo quando s\u00e3o estudados os movimentos socioculturais da Europa no s\u00e9culo 16.<\/p>\n<p data-t=\"{&quot;n&quot;:&quot;blueLinks&quot;}\">Para aqueles que professam a f\u00e9 crist\u00e3 fora da&nbsp;Igreja Cat\u00f3lica, contudo, mesmo que n\u00e3o saibam, ele tem uma import\u00e2ncia fundamental.<\/p>\n<p data-t=\"{&quot;n&quot;:&quot;blueLinks&quot;}\">Estamos falando de Martinho Lutero (1483-1546),&nbsp;monge&nbsp;agostiniano germ\u00e2nico que acabou, meio que sem querer, promovendo o que ficou conhecido como Reforma Protestante, um movimento que abriu as portas da&nbsp;religi\u00e3o, quebrando o monop\u00f3lio da Igreja Cat\u00f3lica e permitindo que passassem a existir, no mundo ocidental, diversas outras igrejas crist\u00e3s.<\/p>\n<p class=\"continue-read-break\" data-t=\"{&quot;n&quot;:&quot;blueLinks&quot;}\">Meio que sem querer porque ele pr\u00f3prio nunca pareceu querer romper com a Igreja Cat\u00f3lica.<\/p>\n<p data-t=\"{&quot;n&quot;:&quot;blueLinks&quot;}\">Mas, intelectual respeitado que era, ele prop\u00f4s uma s\u00e9rie de mudan\u00e7as na organiza\u00e7\u00e3o do catolicismo de ent\u00e3o. E o que era para ser um movimento intramuros da f\u00e9 cat\u00f3lica acabou significando o nascedouro de vertentes do cristianismo.<\/p>\n<p data-t=\"{&quot;n&quot;:&quot;blueLinks&quot;}\">&#8220;Ele abriu uma porta, mas ele pr\u00f3prio acabou vivendo a consequ\u00eancia disso&#8221;, comenta a historiadora Jaquelini de Souza, professora na Universidade Regional do Cariri e pesquisadora nas Faculdades EST (antiga Escola Superior de Teologia), institui\u00e7\u00e3o da Igreja Evang\u00e9lica de Confiss\u00e3o Luterana no Brasil.<\/p>\n<p data-t=\"{&quot;n&quot;:&quot;blueLinks&quot;}\">&#8220;Ele queria, na verdade, fazer uma reforma em que, na cabe\u00e7a dele, seria um melhoramento [da Igreja Cat\u00f3lica]. Lutero n\u00e3o queria criar uma nova igreja, suas 95 teses foram movidas pelo grande amor que ele tinha \u00e0 Igreja Cat\u00f3lica.&#8221;<\/p>\n<p data-t=\"{&quot;n&quot;:&quot;blueLinks&quot;}\">Na \u00e9poca, Lutero j\u00e1 era um religioso renomado, com respeit\u00e1vel carreira acad\u00eamica. Te\u00f3logo e doutor em&nbsp;b\u00edblia, lecionava desde 1508 na Universidade de Wittenberg (Alemanha) e, estudioso de grego e hebraico, trabalhava em uma tradu\u00e7\u00e3o das escrituras.<\/p>\n<p data-t=\"{&quot;n&quot;:&quot;blueLinks&quot;}\">Como&nbsp;sacerdote, parecia incomodado com o monop\u00f3lio da f\u00e9 que a Igreja Cat\u00f3lica detinha, sobretudo porque notou haver uma mercantiliza\u00e7\u00e3o das indulg\u00eancias, o perd\u00e3o pleno dos pecados que, naquele momento hist\u00f3rico, vinha sendo negociado por religiosos em troca de pagamentos em dinheiro.<\/p>\n<p data-t=\"{&quot;n&quot;:&quot;blueLinks&quot;}\">Em 31 de outubro de 1517, Lutero afixou 95 teses na porta da Igreja do Castelo de Wittenberg. Basicamente, ele questionava esse com\u00e9rcio de gra\u00e7as e o poder absoluto da Igreja na f\u00e9 popular \u2014 e afirmava que a B\u00edblia era o texto primordial que deveria ser considerado, acima de qualquer autoridade papal.<\/p>\n<p data-t=\"{&quot;n&quot;:&quot;blueLinks&quot;}\">A partir da\u00ed, o religioso passou a ser alvo de um longo processo at\u00e9 que, em 1520, o Vaticano determinou sua excomunh\u00e3o.<\/p>\n<p data-t=\"{&quot;n&quot;:&quot;blueLinks&quot;}\">Se sair da Igreja Cat\u00f3lica n\u00e3o estava nos planos do agora ex-monge agostiniano, fato \u00e9 que o movimento que ele acabou suscitando fez com que surgissem outras denomina\u00e7\u00f5es crist\u00e3s.<\/p>\n<p data-t=\"{&quot;n&quot;:&quot;blueLinks&quot;}\">Nesse sentido, pode-se afirmar que o luteranismo foi pioneiro, j\u00e1 que antes dele, no mundo ocidental, o&nbsp;cristianismo era praticado apenas por cat\u00f3licos.<\/p>\n<div class=\"article-image-slot image-slot-placeholder\" data-doc-id=\"cms\/api\/amp\/image\/AA1tghTY\">\n<div class=\"article-image-slot\">\n<div class=\"article-image-container\" data-t=\"{&quot;n&quot;:&quot;OpenModal&quot;,&quot;t&quot;:13,&quot;b&quot;:8,&quot;c.i&quot;:&quot;AA1tgkco&quot;,&quot;c.l&quot;:false,&quot;c.t&quot;:13,&quot;c.v&quot;:&quot;news&quot;,&quot;c.c&quot;:&quot;newsoffbeat&quot;,&quot;c.b&quot;:&quot;BBC News Brasil&quot;,&quot;c.bi&quot;:&quot;AA28QB&quot;,&quot;c.tv&quot;:&quot;society-culture-and-history&quot;,&quot;c.tc&quot;:&quot;religion-and-spirituality&quot;,&quot;c.hl&quot;:&quot;Lutero, o monge cat\u00f3lico que abriu portas para surgimento de igrejas evang\u00e9licas&quot;}\" data-test-id=\"AA1tghTY\"><button class=\"article-image-height-wrapper expandable article-image-height-wrapper-new\" data-customhandled=\"true\" data-t=\"{&quot;n&quot;:&quot;destination&quot;,&quot;b&quot;:1,&quot;c.i&quot;:&quot;AA1tgkco&quot;,&quot;c.l&quot;:false,&quot;c.t&quot;:13,&quot;c.v&quot;:&quot;news&quot;,&quot;c.c&quot;:&quot;newsoffbeat&quot;,&quot;c.b&quot;:&quot;BBC News Brasil&quot;,&quot;c.bi&quot;:&quot;AA28QB&quot;,&quot;c.tv&quot;:&quot;society-culture-and-history&quot;,&quot;c.tc&quot;:&quot;religion-and-spirituality&quot;,&quot;c.hl&quot;:&quot;Lutero, o monge cat\u00f3lico que abriu portas para surgimento de igrejas evang\u00e9licas&quot;}\"><img decoding=\"async\" class=\"article-image article-image-ux-impr article-image-new expandable\" title=\"Lutero, recusando-se a se retratar, em obra de Anton Von Werner\" src=\"https:\/\/img-s-msn-com.akamaized.net\/tenant\/amp\/entityid\/AA1tghTY.img?w=768&amp;h=432&amp;m=6\" alt=\"Lutero, recusando-se a se retratar, em obra de Anton Von Werner\"><\/button><\/p>\n<div class=\"image-caption-container image-caption-container-ux-impr articlewc-image-caption-container \"><span class=\"image-caption\">Lutero, recusando-se a se retratar, em obra de Anton Von Werner<\/span><span class=\"image-attribution image-attribution-ux-impr\">\u00a9&nbsp;Reprodu\u00e7\u00e3o<\/span><\/div>\n<\/div>\n<\/div>\n<\/div>\n<p data-t=\"{&quot;n&quot;:&quot;blueLinks&quot;}\">&#8220;Lutero promoveu o fim do monop\u00f3lio cat\u00f3lico em rela\u00e7\u00e3o aos bens de salva\u00e7\u00e3o&#8221;, pontua o historiador, te\u00f3logo e fil\u00f3sofo Gerson Leite de Moraes, professor na Universidade Presbiteriana Mackenzie. Isto porque, principalmente ao longo da&nbsp;Idade M\u00e9dia&nbsp;na Europa, o entendimento predominante era de que, para ser salvo, era preciso ser batizado e seguir os ensinamentos da Igreja Cat\u00f3lica. &#8220;N\u00e3o estar na Igreja Cat\u00f3lica era estar no inferno, era ser algu\u00e9m destitu\u00eddo da gra\u00e7a de Deus. Era assim que funcionava&#8221;, completa Moraes.<\/p>\n<p data-t=\"{&quot;n&quot;:&quot;blueLinks&quot;}\">O lema latino era &#8220;extra ecclesiam nulla salus&#8221;, ou seja, vigorava a ideia de que n\u00e3o havia salva\u00e7\u00e3o que fosse fora da Igreja. &#8220;Lutero n\u00e3o queria romper com a Igreja, mas ele rompe com isso, com essa ideia. E o processo todo leva a sua sa\u00edda [do catolicismo]&#8221;, explica o te\u00f3logo.<\/p>\n<p data-t=\"{&quot;n&quot;:&quot;blueLinks&quot;}\">Afinal, depois da publica\u00e7\u00e3o das teses e do julgamento religioso, Lutero acabou excomungado. Em outras palavras, ele se tornou exatamente isso: algu\u00e9m que estava fora da Igreja, portanto, na condi\u00e7\u00e3o de n\u00e3o salvo.<\/p>\n<p data-t=\"{&quot;n&quot;:&quot;blueLinks&quot;}\">Mas o que ningu\u00e9m imaginava era que ele encontraria apoio de uma elite germ\u00e2nica e, em pouco tempo, cerca de tr\u00eas ou quatro anos depois, suas ideias j\u00e1 tinham encontrado solo f\u00e9rtil em tantas mentes e cora\u00e7\u00f5es que uma nova religiosidade acabou surgindo.<\/p>\n<p data-t=\"{&quot;n&quot;:&quot;blueLinks&quot;}\">&#8220;Um movimento que, enfim, colocou fim ao monop\u00f3lio cat\u00f3lico&#8221;, diz Moraes.<\/p>\n<p data-t=\"{&quot;n&quot;:&quot;blueLinks&quot;}\">&#8220;O protestantismo nasceu assim, como um movimento plural e sem papa&#8221;, pontua o te\u00f3logo. &#8220;E este \u00e9 o legado de Lutero, um movimento de n\u00e3o obedi\u00eancia ao bispo de Roma, uma religiosidade crist\u00e3 que n\u00e3o ficava abaixo do guarda-chuva cat\u00f3lico. N\u00e3o era mais preciso ser cat\u00f3lico para ser salvo, j\u00e1 que, no novo entendimento, o \u00fanico mediador entre Deus e os homens \u00e9&nbsp;Jesus, e n\u00e3o mais o papa.&#8221;<\/p>\n<h2 class=\"article-sub-heading\">Fundamentos<\/h2>\n<p data-t=\"{&quot;n&quot;:&quot;blueLinks&quot;}\">&#8220;Nesse sentido&#8221;, completa Moraes, &#8220;Lutero pode ser o pai de todas as igrejas que da\u00ed surgiram. Mas \u00e9 pai mesmo de todas? Dif\u00edcil dizer. O que ele \u00e9, sem d\u00favida, \u00e9 pai de um movimento que rompe com a Igreja Cat\u00f3lica.&#8221;<\/p>\n<p data-t=\"{&quot;n&quot;:&quot;blueLinks&quot;}\">O fundamento do luteranismo n\u00e3o era mais uma figura absolutista teocr\u00e1tica, no caso, o papa. Mas, sim, a B\u00edblia, ou seja, os textos considerados sagrados. &#8220;Nos fundamentos de Lutero, h\u00e1 a centralidade da B\u00edblia&#8221;, comenta Moraes. E, claro, para contrapor ao com\u00e9rcio das indulg\u00eancias, a ideia de que a salva\u00e7\u00e3o vem da gra\u00e7a divina, da f\u00e9.<\/p>\n<p data-t=\"{&quot;n&quot;:&quot;blueLinks&quot;}\">&#8220;Lutero acabou sendo a grande pedra fundamental para o surgimento de outras tradi\u00e7\u00f5es crist\u00e3s porque para ele, entre b\u00edblia e autoridade papal, a primazia era da b\u00edblia&#8221;, pontua Souza. &#8220;Obviamente que ele, como professor de b\u00edblia, universit\u00e1rio, doutor, ele fazia a interpreta\u00e7\u00e3o a partir da exegese e da hermen\u00eautica, ele tinha as regras na cabe\u00e7a dele e jamais desconsiderava o texto dos pais da Igreja, os escritos dos grandes doutores.&#8221;<\/p>\n<div class=\"article-image-slot image-slot-placeholder\" data-doc-id=\"cms\/api\/amp\/image\/AA1tgmIq\">\n<div class=\"article-image-slot\">\n<div class=\"article-image-container\" data-t=\"{&quot;n&quot;:&quot;OpenModal&quot;,&quot;t&quot;:13,&quot;b&quot;:8,&quot;c.i&quot;:&quot;AA1tgkco&quot;,&quot;c.l&quot;:false,&quot;c.t&quot;:13,&quot;c.v&quot;:&quot;news&quot;,&quot;c.c&quot;:&quot;newsoffbeat&quot;,&quot;c.b&quot;:&quot;BBC News Brasil&quot;,&quot;c.bi&quot;:&quot;AA28QB&quot;,&quot;c.tv&quot;:&quot;society-culture-and-history&quot;,&quot;c.tc&quot;:&quot;religion-and-spirituality&quot;,&quot;c.hl&quot;:&quot;Lutero, o monge cat\u00f3lico que abriu portas para surgimento de igrejas evang\u00e9licas&quot;}\" data-test-id=\"AA1tgmIq\"><button class=\"article-image-height-wrapper expandable article-image-height-wrapper-new\" data-customhandled=\"true\" data-t=\"{&quot;n&quot;:&quot;destination&quot;,&quot;b&quot;:1,&quot;c.i&quot;:&quot;AA1tgkco&quot;,&quot;c.l&quot;:false,&quot;c.t&quot;:13,&quot;c.v&quot;:&quot;news&quot;,&quot;c.c&quot;:&quot;newsoffbeat&quot;,&quot;c.b&quot;:&quot;BBC News Brasil&quot;,&quot;c.bi&quot;:&quot;AA28QB&quot;,&quot;c.tv&quot;:&quot;society-culture-and-history&quot;,&quot;c.tc&quot;:&quot;religion-and-spirituality&quot;,&quot;c.hl&quot;:&quot;Lutero, o monge cat\u00f3lico que abriu portas para surgimento de igrejas evang\u00e9licas&quot;}\"><img decoding=\"async\" class=\"article-image article-image-ux-impr article-image-new expandable\" title=\"Lutero, em retrato de Lucas Cranach, hoje em dom\u00ednio p\u00fablico\" src=\"https:\/\/img-s-msn-com.akamaized.net\/tenant\/amp\/entityid\/AA1tgmIq.img?w=412&amp;h=549&amp;m=6&amp;x=130&amp;y=119&amp;s=175&amp;d=175\" alt=\"Lutero, em retrato de Lucas Cranach, hoje em dom\u00ednio p\u00fablico\"><\/button><\/p>\n<div class=\"image-caption-container image-caption-container-ux-impr articlewc-image-caption-container \"><span class=\"image-caption\">Lutero, em retrato de Lucas Cranach, hoje em dom\u00ednio p\u00fablico<\/span><span class=\"image-attribution image-attribution-ux-impr\">\u00a9&nbsp;Reprodu\u00e7\u00e3o<\/span><\/div>\n<\/div>\n<\/div>\n<\/div>\n<p data-t=\"{&quot;n&quot;:&quot;blueLinks&quot;}\">A historiadora lembra que, por outro lado, essa ideia de incentivar a livre interpreta\u00e7\u00e3o da b\u00edblia tamb\u00e9m possibilitou leituras equivocadas e interpreta\u00e7\u00f5es rasas que perduram at\u00e9 hoje.<\/p>\n<p data-t=\"{&quot;n&quot;:&quot;blueLinks&quot;}\">&#8220;Lutero tinha na cabe\u00e7a regras hermen\u00eauticas de interpreta\u00e7\u00e3o das sagradas escrituras e a import\u00e2ncia de caminhar ao lado dos doutores da igreja, mas isso abriu caminho para as demais pessoas, abriu a caixa de Pandora e ficou incontrol\u00e1vel&#8221;, diz.<\/p>\n<p data-t=\"{&quot;n&quot;:&quot;blueLinks&quot;}\">&#8220;N\u00e3o foi a inten\u00e7\u00e3o dele. N\u00e3o foi a inten\u00e7\u00e3o dele nem criar uma nova Igreja, mas ele abriu a caixa de Pandora.&#8221;<\/p>\n<p data-t=\"{&quot;n&quot;:&quot;blueLinks&quot;}\">Mas pesquisadores ressaltam que Lutero mesmo nunca pretendeu sair do catolicismo e muito menos criar uma pr\u00f3pria igreja. &#8220;Existe uma tradi\u00e7\u00e3o que diz que quando ele estava pr\u00f3ximo da morte e a igreja daqueles que seguiam suas ideias j\u00e1 vinha sendo chamada de luterana, ele n\u00e3o gostava&#8221;, afirma Souza. &#8220;Ele dizia que a igreja era de Cristo e n\u00e3o dele.&#8221;<\/p>\n<p data-t=\"{&quot;n&quot;:&quot;blueLinks&quot;}\">O que seria ent\u00e3o a igreja de Lutero?<\/p>\n<p data-t=\"{&quot;n&quot;:&quot;blueLinks&quot;}\">&#8220;Acho que n\u00e3o existe. N\u00e3o posso afirmar que tal igreja seja a luterana pura e todas as outras sejam vers\u00f5es, isso n\u00e3o existe por conta da especificidade da pr\u00f3pria hist\u00f3ria de cada localidade e como o luteranismo se desenvolveu&#8221;, diz a historiadora.<\/p>\n<p data-t=\"{&quot;n&quot;:&quot;blueLinks&quot;}\">Para ela, a raz\u00e3o de n\u00e3o existir uma igreja propriamente seguidora de Lutero \u00e9 que o norte dos que praticam a religiosidade segundo tal preceito nunca \u00e9 o fundador, mas sim, a figura de Jesus Cristo.<\/p>\n<p data-t=\"{&quot;n&quot;:&quot;blueLinks&quot;}\">Por outro lado, ela aponta algumas nuances que seriam caracter\u00edsticas dos luteranos, em compara\u00e7\u00e3o com cat\u00f3licos ou crist\u00e3os de outras denomina\u00e7\u00f5es. &#8220;Eu diria que a liberdade de consci\u00eancia, a liberdade de viver a f\u00e9. Isso \u00e9 forte no luteranismo. O luterano n\u00e3o aceita um legalismo, mas vive aquilo que ele crie em liberdade, por amor&#8221;, comenta.<\/p>\n<p data-t=\"{&quot;n&quot;:&quot;blueLinks&quot;}\">&#8220;A herdeira natural do luteranismo \u00e9 a Igreja Luterana, mas podemos dizer que o movimento inicial de Lutero acabou sendo apropriado e ressignificado por todas as igrejas ditas protestantes porque essas acabaram, de alguma maneira, tamb\u00e9m seguindo essa trilha que foi aberta por ele&#8221;, acrescenta Moraes.<\/p>\n<p data-t=\"{&quot;n&quot;:&quot;blueLinks&quot;}\">&#8220;Lutero deixou um tesouro, que possibilita novas interpreta\u00e7\u00f5es e ressignifica\u00e7\u00f5es porque estamos lidando com esse neg\u00f3cio vivo chamado religi\u00e3o&#8221;, complementa o te\u00f3logo.<\/p>\n<h2 class=\"article-sub-heading\">Tr\u00eas pontos fundamentais<\/h2>\n<div class=\"article-image-slot image-slot-placeholder\" data-doc-id=\"cms\/api\/amp\/image\/AA1tghU9\">\n<div class=\"article-image-slot\">\n<div class=\"article-image-container\" data-t=\"{&quot;n&quot;:&quot;OpenModal&quot;,&quot;t&quot;:13,&quot;b&quot;:8,&quot;c.i&quot;:&quot;AA1tgkco&quot;,&quot;c.l&quot;:false,&quot;c.t&quot;:13,&quot;c.v&quot;:&quot;news&quot;,&quot;c.c&quot;:&quot;newsoffbeat&quot;,&quot;c.b&quot;:&quot;BBC News Brasil&quot;,&quot;c.bi&quot;:&quot;AA28QB&quot;,&quot;c.tv&quot;:&quot;society-culture-and-history&quot;,&quot;c.tc&quot;:&quot;religion-and-spirituality&quot;,&quot;c.hl&quot;:&quot;Lutero, o monge cat\u00f3lico que abriu portas para surgimento de igrejas evang\u00e9licas&quot;}\" data-test-id=\"AA1tghU9\">\n<div>&nbsp;<\/div>\n<p><button class=\"article-image-height-wrapper expandable article-image-height-wrapper-new\" data-customhandled=\"true\" data-t=\"{&quot;n&quot;:&quot;destination&quot;,&quot;b&quot;:1,&quot;c.i&quot;:&quot;AA1tgkco&quot;,&quot;c.l&quot;:false,&quot;c.t&quot;:13,&quot;c.v&quot;:&quot;news&quot;,&quot;c.c&quot;:&quot;newsoffbeat&quot;,&quot;c.b&quot;:&quot;BBC News Brasil&quot;,&quot;c.bi&quot;:&quot;AA28QB&quot;,&quot;c.tv&quot;:&quot;society-culture-and-history&quot;,&quot;c.tc&quot;:&quot;religion-and-spirituality&quot;,&quot;c.hl&quot;:&quot;Lutero, o monge cat\u00f3lico que abriu portas para surgimento de igrejas evang\u00e9licas&quot;}\"><img decoding=\"async\" class=\"article-image article-image-ux-impr article-image-new expandable\" title=\"Est\u00e1tua de Lutero em Dresden, na Alemanha\" src=\"https:\/\/img-s-msn-com.akamaized.net\/tenant\/amp\/entityid\/AA1tghU9.img?w=768&amp;h=432&amp;m=6\" alt=\"Est\u00e1tua de Lutero em Dresden, na Alemanha\"><\/button><\/p>\n<div class=\"image-caption-container image-caption-container-ux-impr articlewc-image-caption-container \"><span class=\"image-caption\">Est\u00e1tua de Lutero em Dresden, na Alemanha<\/span><span class=\"image-attribution image-attribution-ux-impr\">\u00a9&nbsp;Getty Images<\/span><\/div>\n<\/div>\n<\/div>\n<\/div>\n<p data-t=\"{&quot;n&quot;:&quot;blueLinks&quot;}\">Souza enfatiza que eram tr\u00eas os pontos fundamentais defendidos por Lutero, e que ainda ressoam fortemente em boa parte das igrejas protestantes contempor\u00e2neas.<\/p>\n<p data-t=\"{&quot;n&quot;:&quot;blueLinks&quot;}\">O primeiro foi a defesa da salva\u00e7\u00e3o pela f\u00e9, pela gra\u00e7a divina, por conta do entendimento de que Jesus Cristo se sacrificou em prol da salva\u00e7\u00e3o das pessoas.<\/p>\n<p data-t=\"{&quot;n&quot;:&quot;blueLinks&quot;}\">Outra quest\u00e3o \u00e9 a fundamenta\u00e7\u00e3o b\u00edblica, que deve ser o norte da religiosidade e cujo entendimento pode ser feito individualmente, por cada um, naquilo que se costuma chamar de &#8220;livre exame&#8221; das&nbsp;sagradas escrituras.<\/p>\n<p data-t=\"{&quot;n&quot;:&quot;blueLinks&quot;}\">N\u00e3o \u00e0 toa, esse movimento fez com que a b\u00edblia, antes comumente restrita ao latim, l\u00edngua oficial do catolicismo, passasse a ganhar tradu\u00e7\u00f5es nas l\u00ednguas praticadas em cada pa\u00eds. Lutero, respons\u00e1vel pela tradu\u00e7\u00e3o da escritura para o alem\u00e3o, em publica\u00e7\u00e3o de 1534, \u00e9 reconhecido como de suma import\u00e2ncia tamb\u00e9m para a consolida\u00e7\u00e3o do idioma ali praticado.<\/p>\n<p data-t=\"{&quot;n&quot;:&quot;blueLinks&quot;}\">&#8220;Ele \u00e9 o pai da l\u00edngua alem\u00e3, o pai da p\u00e1tria&#8221;, define a historiadora.<\/p>\n<p data-t=\"{&quot;n&quot;:&quot;blueLinks&quot;}\">&#8220;O terceiro ponto importante \u00e9 o entendimento do sacerd\u00f3cio universal, ou seja, a ideia de que n\u00e3o havia diferen\u00e7a entre clero e fi\u00e9is&#8221;, diz Souza. &#8220;Estes s\u00e3o os tr\u00eas fundamentos, eu diria, do protestantismo raiz. E est\u00e3o presentes em igrejas pentecostais hist\u00f3ricas, muito embora elas n\u00e3o reconhe\u00e7am a paternidade de Lutero.&#8221;<\/p>\n<p data-t=\"{&quot;n&quot;:&quot;blueLinks&quot;}\">Esse reconhecimento, aponta a historiadora, \u00e9 cada vez mais raro mesmo no meio evang\u00e9lico. &#8220;Em quase absoluto, se desconhece Lutero. Te\u00f3logos e intelectuais protestantes obviamente o conhecem. Mas para o povo ele \u00e9 um completo desconhecido&#8221;, lamenta.<\/p>\n<h2 class=\"article-sub-heading\">Atualidade<\/h2>\n<p data-t=\"{&quot;n&quot;:&quot;blueLinks&quot;}\">Ao analisar a conjuntura no Brasil e a trajet\u00f3ria de Lutero, a historiadora Souza diz que ele n\u00e3o se identificaria ao observar a evolu\u00e7\u00e3o desse legado. Isto porque, em seu entendimento, a maior parte das denomina\u00e7\u00f5es, sobretudo as neopentecostais e que se baseiam na chamada teologia da prosperidade, enveredou por um caminho que nada tem a ver com os princ\u00edpios de Lutero.<\/p>\n<p data-t=\"{&quot;n&quot;:&quot;blueLinks&quot;}\">&#8220;O meio evang\u00e9lico brasileiro hoje \u00e9 cheio de gurus, de pastores que determinam basicamente o que as pessoas devem fazer, pensar, inclusive em quem devem votar&#8221;, diz. &#8220;N\u00e3o h\u00e1 nada mais distante do pensamento de Lutero do que isso.&#8221;<\/p>\n<p data-t=\"{&quot;n&quot;:&quot;blueLinks&quot;}\">&#8220;Se Lutero fosse vivo hoje, ele se sentiria muito mais \u00e0 vontade \u2014 excetuando algumas igrejas como a anglicana e alguns ramos metodistas \u2014 numa missa [cat\u00f3lica] do que num culto evang\u00e9lico&#8221;, afirma. &#8220;Essa \u00e9 minha opini\u00e3o. Por causa da dist\u00e2ncia desse evangelicalismo brasileiro em compara\u00e7\u00e3o ao que ele entendia ser uma comunidade crist\u00e3.&#8221;<\/p>\n<p data-t=\"{&quot;n&quot;:&quot;blueLinks&quot;}\">&nbsp;<\/p>\n<p data-t=\"{&quot;n&quot;:&quot;blueLinks&quot;}\">.<\/p>\n<p data-t=\"{&quot;n&quot;:&quot;blueLinks&quot;}\">Fonte: BBC News Brasil<\/p>\n<h3>Related Images:<\/h3>","protected":false},"excerpt":{"rendered":"<p>Para muitos, ele \u00e9 s\u00f3 um nome relevante naquelas aulas de hist\u00f3ria da escola, sobretudo&#8230;<\/p>\n","protected":false},"author":1,"featured_media":46092,"comment_status":"closed","ping_status":"open","sticky":false,"template":"","format":"standard","meta":{"sfsi_plus_gutenberg_text_before_share":"","sfsi_plus_gutenberg_show_text_before_share":"","sfsi_plus_gutenberg_icon_type":"","sfsi_plus_gutenberg_icon_alignemt":"","sfsi_plus_gutenburg_max_per_row":"","_exactmetrics_skip_tracking":false,"_exactmetrics_sitenote_active":false,"_exactmetrics_sitenote_note":"","_exactmetrics_sitenote_category":0,"ngg_post_thumbnail":0,"footnotes":""},"categories":[115],"tags":[],"class_list":["post-46091","post","type-post","status-publish","format-standard","has-post-thumbnail","hentry","category-acontece"],"_links":{"self":[{"href":"https:\/\/www.diasdavilaacontece.com\/index.php?rest_route=\/wp\/v2\/posts\/46091","targetHints":{"allow":["GET"]}}],"collection":[{"href":"https:\/\/www.diasdavilaacontece.com\/index.php?rest_route=\/wp\/v2\/posts"}],"about":[{"href":"https:\/\/www.diasdavilaacontece.com\/index.php?rest_route=\/wp\/v2\/types\/post"}],"author":[{"embeddable":true,"href":"https:\/\/www.diasdavilaacontece.com\/index.php?rest_route=\/wp\/v2\/users\/1"}],"replies":[{"embeddable":true,"href":"https:\/\/www.diasdavilaacontece.com\/index.php?rest_route=%2Fwp%2Fv2%2Fcomments&post=46091"}],"version-history":[{"count":1,"href":"https:\/\/www.diasdavilaacontece.com\/index.php?rest_route=\/wp\/v2\/posts\/46091\/revisions"}],"predecessor-version":[{"id":46093,"href":"https:\/\/www.diasdavilaacontece.com\/index.php?rest_route=\/wp\/v2\/posts\/46091\/revisions\/46093"}],"wp:featuredmedia":[{"embeddable":true,"href":"https:\/\/www.diasdavilaacontece.com\/index.php?rest_route=\/wp\/v2\/media\/46092"}],"wp:attachment":[{"href":"https:\/\/www.diasdavilaacontece.com\/index.php?rest_route=%2Fwp%2Fv2%2Fmedia&parent=46091"}],"wp:term":[{"taxonomy":"category","embeddable":true,"href":"https:\/\/www.diasdavilaacontece.com\/index.php?rest_route=%2Fwp%2Fv2%2Fcategories&post=46091"},{"taxonomy":"post_tag","embeddable":true,"href":"https:\/\/www.diasdavilaacontece.com\/index.php?rest_route=%2Fwp%2Fv2%2Ftags&post=46091"}],"curies":[{"name":"wp","href":"https:\/\/api.w.org\/{rel}","templated":true}]}}