{"id":46906,"date":"2025-02-07T11:26:32","date_gmt":"2025-02-07T11:26:32","guid":{"rendered":"https:\/\/www.diasdavilaacontece.com\/?p=46906"},"modified":"2025-02-07T11:27:28","modified_gmt":"2025-02-07T11:27:28","slug":"dias-davila-pms-sao-recebidos-a-tiros-no-parque-5-e-um-dos-atiradores-e-baleado-e-morre-na-upa","status":"publish","type":"post","link":"https:\/\/www.diasdavilaacontece.com\/?p=46906","title":{"rendered":"DIAS D&#8217;\u00c1VILA: PMs S\u00c3O RECEBIDOS A TIROS NO PARQUE 5 E UM DOS ATIRADORES \u00c9 BALEADO E MORRE NA UPA"},"content":{"rendered":"<p>Durante um moto-patrulhamento da PM <span class=\"s2\">da 36\u00aa CIPM<\/span>, na noite da quinta (6), os militares foram recebidos a tiros ao se aproximarem de uma resid\u00eancia no bairro Bosque, condom\u00ednio &#8216;Minha Casa, Minha Vida&#8217;, Rua K, no Parque 5.<\/p>\n<p>Ap\u00f3s o revide por parte dos policiais, a PM conseguiu adentrar ao im\u00f3vel onde encontraram grande quantidade de droga armazenada.<\/p>\n<p>Ao prosseguirem na busca dos atiradores, numa varredura pelas imedia\u00e7\u00f5es, houve novo ataque contra os militares e novamente os agentes militares responderam ao fogo.<\/p>\n<p>Ap\u00f3s confronto, uma pessoa foi encontrada baleada. Segundo a PM e informa\u00e7\u00f5es divulgadas, a pessoa baleada \u00e9 apontada como membro de uma fac\u00e7\u00e3o criminosa e suspeito de v\u00e1rios homic\u00eddios.<\/p>\n<p>O mesmo foi conduzido em socorro para a UPA, mas n\u00e3o resistiu ao ferimento e veio a \u00f3bito.<\/p>\n<p class=\"p1\"><span class=\"s2\">Na opera\u00e7\u00e3o, os policiais apreenderam um rev\u00f3lver calibre 32, muni\u00e7\u00f5es deflagradas, 74 por\u00e7\u00f5es de maconha, 39 pedras de crack, seis embalagens de coca\u00edna e outros materiais usados para tr\u00e1fico. <\/span><\/p>\n<p class=\"p1\"><span class=\"s2\">Tudo arrolado no BO e encaminhado para a 25\u00aa Delegacia Territorial para os procedimentos legais.<\/span><\/p>\n<h3>Related Images:<\/h3>","protected":false},"excerpt":{"rendered":"<p>Durante um moto-patrulhamento da PM da 36\u00aa CIPM, na noite da quinta (6), os militares&#8230;<\/p>\n","protected":false},"author":1,"featured_media":46869,"comment_status":"closed","ping_status":"open","sticky":false,"template":"","format":"standard","meta":{"sfsi_plus_gutenberg_text_before_share":"","sfsi_plus_gutenberg_show_text_before_share":"","sfsi_plus_gutenberg_icon_type":"","sfsi_plus_gutenberg_icon_alignemt":"","sfsi_plus_gutenburg_max_per_row":"","_exactmetrics_skip_tracking":false,"_exactmetrics_sitenote_active":false,"_exactmetrics_sitenote_note":"","_exactmetrics_sitenote_category":0,"ngg_post_thumbnail":0,"footnotes":""},"categories":[56],"tags":[],"class_list":["post-46906","post","type-post","status-publish","format-standard","has-post-thumbnail","hentry","category-dias-davila"],"_links":{"self":[{"href":"https:\/\/www.diasdavilaacontece.com\/index.php?rest_route=\/wp\/v2\/posts\/46906","targetHints":{"allow":["GET"]}}],"collection":[{"href":"https:\/\/www.diasdavilaacontece.com\/index.php?rest_route=\/wp\/v2\/posts"}],"about":[{"href":"https:\/\/www.diasdavilaacontece.com\/index.php?rest_route=\/wp\/v2\/types\/post"}],"author":[{"embeddable":true,"href":"https:\/\/www.diasdavilaacontece.com\/index.php?rest_route=\/wp\/v2\/users\/1"}],"replies":[{"embeddable":true,"href":"https:\/\/www.diasdavilaacontece.com\/index.php?rest_route=%2Fwp%2Fv2%2Fcomments&post=46906"}],"version-history":[{"count":2,"href":"https:\/\/www.diasdavilaacontece.com\/index.php?rest_route=\/wp\/v2\/posts\/46906\/revisions"}],"predecessor-version":[{"id":46908,"href":"https:\/\/www.diasdavilaacontece.com\/index.php?rest_route=\/wp\/v2\/posts\/46906\/revisions\/46908"}],"wp:featuredmedia":[{"embeddable":true,"href":"https:\/\/www.diasdavilaacontece.com\/index.php?rest_route=\/wp\/v2\/media\/46869"}],"wp:attachment":[{"href":"https:\/\/www.diasdavilaacontece.com\/index.php?rest_route=%2Fwp%2Fv2%2Fmedia&parent=46906"}],"wp:term":[{"taxonomy":"category","embeddable":true,"href":"https:\/\/www.diasdavilaacontece.com\/index.php?rest_route=%2Fwp%2Fv2%2Fcategories&post=46906"},{"taxonomy":"post_tag","embeddable":true,"href":"https:\/\/www.diasdavilaacontece.com\/index.php?rest_route=%2Fwp%2Fv2%2Ftags&post=46906"}],"curies":[{"name":"wp","href":"https:\/\/api.w.org\/{rel}","templated":true}]}}