{"id":46912,"date":"2025-02-08T13:02:39","date_gmt":"2025-02-08T13:02:39","guid":{"rendered":"https:\/\/www.diasdavilaacontece.com\/?p=46912"},"modified":"2025-02-12T10:21:46","modified_gmt":"2025-02-12T10:21:46","slug":"governo-lula-casa-civil-desmente-ministro-sobre-aumento-no-valor-do-bolsa-familia","status":"publish","type":"post","link":"https:\/\/www.diasdavilaacontece.com\/?p=46912","title":{"rendered":"GOVERNO LULA: CASA CIVIL DESMENTE MINISTRO SOBRE AUMENTO NO VALOR DO &#8216;BOLSA FAM\u00cdLIA&#8217;"},"content":{"rendered":"<p data-t=\"{&quot;n&quot;:&quot;blueLinks&quot;}\">Depois de o ministro do Desenvolvimento e Assist\u00eancia Social, Fam\u00edlia e Combate \u00e0 Fome (MDS),&nbsp;<b>Wellington Dias<\/b>, ter afirmado que est\u00e1 em discuss\u00e3o no governo Lula uma mudan\u00e7a no valor do&nbsp;<b>Bolsa Fam\u00edlia<\/b>&nbsp;diante do aumento \u201cbrusco\u201d no pre\u00e7o dos alimentos, a&nbsp;<b>Casa Civil<\/b>&nbsp;negou qualquer movimento nesse sentido.<\/p>\n<p data-t=\"{&quot;n&quot;:&quot;blueLinks&quot;}\">A Casa Civil divulgou nota na tarde desta sexta-feira, 7, negando que exista estudo no governo sobre aumento do valor do benef\u00edcio do Bolsa Fam\u00edlia. De acordo com a pasta, o tema n\u00e3o est\u00e1 na pauta do governo e n\u00e3o ser\u00e1 discutido.<\/p>\n<p class=\"continue-read-break\" data-t=\"{&quot;n&quot;:&quot;blueLinks&quot;}\">\u201cA Casa Civil da Presid\u00eancia da Republica informa que n\u00e3o existe estudo no governo sobre aumento do valor do benef\u00edcio do Bolsa Fam\u00edlia. Esse tema n\u00e3o est\u00e1 na pauta do governo e n\u00e3o ser\u00e1 discutido\u201d, diz nota.<\/p>\n<p data-t=\"{&quot;n&quot;:&quot;blueLinks&quot;}\">Em entrevista ao portal<i>&nbsp;Deutsche Welle&nbsp;<\/i>nesta sexta-feira, 7, o ministro Wellington Dias havia dito:.<\/p>\n<p data-t=\"{&quot;n&quot;:&quot;blueLinks&quot;}\">\u201cVamos tomar uma decis\u00e3o dialogando com o presidente&nbsp;<i>(Lula)<\/i>, porque isso repercute. Ser\u00e1 um ajuste? Ser\u00e1 um complemento na alimenta\u00e7\u00e3o?\u201d, pergunta, para, ent\u00e3o, admitir que mexer no valor do repasse \u201cest\u00e1 na mesa\u201d<\/p>\n<p data-t=\"{&quot;n&quot;:&quot;blueLinks&quot;}\">O ministro disse que prepara um relat\u00f3rio para apresentar ao presidente Luiz In\u00e1cio Lula da Silva at\u00e9 mar\u00e7o.<\/p>\n<h3 class=\"article-sub-heading\">\u2018Ru\u00eddo\u2019<\/h3>\n<p data-t=\"{&quot;n&quot;:&quot;blueLinks&quot;}\">Logo ap\u00f3s as declara\u00e7\u00f5es, integrantes da equipe econ\u00f4mica afirmaram ao&nbsp;<i>Estad\u00e3o\/Broadcast<\/i>&nbsp;que o que foi dito por Dias \u00e9 apenas um ru\u00eddo.<\/p>\n<p data-t=\"{&quot;n&quot;:&quot;blueLinks&quot;}\">Segundo os t\u00e9cnicos, al\u00e9m de n\u00e3o haver espa\u00e7o or\u00e7ament\u00e1rio para um aumento no valor do benef\u00edcio, a medida pioraria o cen\u00e1rio inflacion\u00e1rio. No Projeto de Lei Or\u00e7ament\u00e1ria (PLOA) deste ano, ainda pendente de vota\u00e7\u00e3o pelo Congresso, o governo reservou R$ 167,2 bilh\u00f5es para o Bolsa Fam\u00edlia.<\/p>\n<p data-t=\"{&quot;n&quot;:&quot;blueLinks&quot;}\">Ap\u00f3s a declara\u00e7\u00e3o do ministro, o d\u00f3lar \u00e0 vista ampliou os ganhos e tocou o n\u00edvel de R$ 5,80. As taxas de Dep\u00f3sitos Interfinanceiros (DIs) de curt\u00edssimo prazo tamb\u00e9m renovaram seguidas m\u00e1ximas em rea\u00e7\u00e3o \u00e0 fala do ministro.<\/p>\n<p data-t=\"{&quot;n&quot;:&quot;blueLinks&quot;}\">O presidente Lula vem se mostrando&nbsp;<b>preocupado com a alta do pre\u00e7o dos alimentos<\/b>&nbsp;\u2013 o que vem pesando sobre a sua popularidade. Nesta quinta-feira, 7, o presidente orientou a popula\u00e7\u00e3o a&nbsp;<b>deixar de comprar produtos caros<\/b>, o que&nbsp;<b>virou meme nas redes<\/b>.<\/p>\n<p data-t=\"{&quot;n&quot;:&quot;blueLinks&quot;}\">Mais cedo, o ministro da Fazenda,&nbsp;<b>Fernando Haddad<\/b>, voltou a afirmar que&nbsp;<b>o d\u00f3lar est\u00e1 perdendo for\u00e7a ante o real e que isso vai ajudar a reduzir o pre\u00e7o dos alimentos no m\u00e9dio prazo<\/b>.<\/p>\n<p data-t=\"{&quot;n&quot;:&quot;blueLinks&quot;}\">&nbsp;<\/p>\n<p data-t=\"{&quot;n&quot;:&quot;blueLinks&quot;}\">.<\/p>\n<p data-t=\"{&quot;n&quot;:&quot;blueLinks&quot;}\">Fonte &#8211; Estad\u00e3o<\/p>\n<h3>Related Images:<\/h3>","protected":false},"excerpt":{"rendered":"<p>Depois de o ministro do Desenvolvimento e Assist\u00eancia Social, Fam\u00edlia e Combate \u00e0 Fome (MDS),&nbsp;Wellington&#8230;<\/p>\n","protected":false},"author":1,"featured_media":46913,"comment_status":"closed","ping_status":"open","sticky":false,"template":"","format":"standard","meta":{"sfsi_plus_gutenberg_text_before_share":"","sfsi_plus_gutenberg_show_text_before_share":"","sfsi_plus_gutenberg_icon_type":"","sfsi_plus_gutenberg_icon_alignemt":"","sfsi_plus_gutenburg_max_per_row":"","_exactmetrics_skip_tracking":false,"_exactmetrics_sitenote_active":false,"_exactmetrics_sitenote_note":"","_exactmetrics_sitenote_category":0,"ngg_post_thumbnail":0,"footnotes":""},"categories":[115],"tags":[],"class_list":["post-46912","post","type-post","status-publish","format-standard","has-post-thumbnail","hentry","category-acontece"],"_links":{"self":[{"href":"https:\/\/www.diasdavilaacontece.com\/index.php?rest_route=\/wp\/v2\/posts\/46912","targetHints":{"allow":["GET"]}}],"collection":[{"href":"https:\/\/www.diasdavilaacontece.com\/index.php?rest_route=\/wp\/v2\/posts"}],"about":[{"href":"https:\/\/www.diasdavilaacontece.com\/index.php?rest_route=\/wp\/v2\/types\/post"}],"author":[{"embeddable":true,"href":"https:\/\/www.diasdavilaacontece.com\/index.php?rest_route=\/wp\/v2\/users\/1"}],"replies":[{"embeddable":true,"href":"https:\/\/www.diasdavilaacontece.com\/index.php?rest_route=%2Fwp%2Fv2%2Fcomments&post=46912"}],"version-history":[{"count":1,"href":"https:\/\/www.diasdavilaacontece.com\/index.php?rest_route=\/wp\/v2\/posts\/46912\/revisions"}],"predecessor-version":[{"id":46914,"href":"https:\/\/www.diasdavilaacontece.com\/index.php?rest_route=\/wp\/v2\/posts\/46912\/revisions\/46914"}],"wp:featuredmedia":[{"embeddable":true,"href":"https:\/\/www.diasdavilaacontece.com\/index.php?rest_route=\/wp\/v2\/media\/46913"}],"wp:attachment":[{"href":"https:\/\/www.diasdavilaacontece.com\/index.php?rest_route=%2Fwp%2Fv2%2Fmedia&parent=46912"}],"wp:term":[{"taxonomy":"category","embeddable":true,"href":"https:\/\/www.diasdavilaacontece.com\/index.php?rest_route=%2Fwp%2Fv2%2Fcategories&post=46912"},{"taxonomy":"post_tag","embeddable":true,"href":"https:\/\/www.diasdavilaacontece.com\/index.php?rest_route=%2Fwp%2Fv2%2Ftags&post=46912"}],"curies":[{"name":"wp","href":"https:\/\/api.w.org\/{rel}","templated":true}]}}