{"id":46918,"date":"2025-02-08T13:37:52","date_gmt":"2025-02-08T13:37:52","guid":{"rendered":"https:\/\/www.diasdavilaacontece.com\/?p=46918"},"modified":"2025-02-12T10:20:59","modified_gmt":"2025-02-12T10:20:59","slug":"homem-de-26-anos-e-assassinado-na-travessa-sao-mauricio-em-dias-davila","status":"publish","type":"post","link":"https:\/\/www.diasdavilaacontece.com\/?p=46918","title":{"rendered":"HOMEM DE 26 ANOS \u00c9 ASSASSINADO NA TRAVESSA S\u00c3O MAUR\u00cdCIO EM DIAS D&#8217;\u00c1VILA"},"content":{"rendered":"<p>A cidade de Dias d&#8217;\u00c1vila registra novo homic\u00eddio em suas ruas nesta sexta-feira (7).<\/p>\n<p>Uma pessoa de nome Luis Cl\u00e1udio, de 26 anos, foi assassinado por v\u00e1rios disparos de arma de fogo na Travessa S\u00e3o Maur\u00edcio, no bairro Imbassay, apenas umas tr\u00eas quadras da prefeitura, durante a noite da sexta-feira.<\/p>\n<p>N\u00e3o se sabe nada sobre autoria, nome dos agentes e dire\u00e7\u00e3o de fuga.<\/p>\n<p>A 25\u00aa Delegacia Territorial (DT\/Dias D\u2019\u00c1vila) investiga o caso, depois de ter recebido o BO relatado da PM.<\/p>\n<p>&nbsp;<\/p>\n<h3>Related Images:<\/h3>","protected":false},"excerpt":{"rendered":"<p>A cidade de Dias d&#8217;\u00c1vila registra novo homic\u00eddio em suas ruas nesta sexta-feira (7). Uma&#8230;<\/p>\n","protected":false},"author":1,"featured_media":0,"comment_status":"closed","ping_status":"open","sticky":false,"template":"","format":"standard","meta":{"sfsi_plus_gutenberg_text_before_share":"","sfsi_plus_gutenberg_show_text_before_share":"","sfsi_plus_gutenberg_icon_type":"","sfsi_plus_gutenberg_icon_alignemt":"","sfsi_plus_gutenburg_max_per_row":"","_exactmetrics_skip_tracking":false,"_exactmetrics_sitenote_active":false,"_exactmetrics_sitenote_note":"","_exactmetrics_sitenote_category":0,"ngg_post_thumbnail":0,"footnotes":""},"categories":[56],"tags":[],"class_list":["post-46918","post","type-post","status-publish","format-standard","hentry","category-dias-davila"],"_links":{"self":[{"href":"https:\/\/www.diasdavilaacontece.com\/index.php?rest_route=\/wp\/v2\/posts\/46918","targetHints":{"allow":["GET"]}}],"collection":[{"href":"https:\/\/www.diasdavilaacontece.com\/index.php?rest_route=\/wp\/v2\/posts"}],"about":[{"href":"https:\/\/www.diasdavilaacontece.com\/index.php?rest_route=\/wp\/v2\/types\/post"}],"author":[{"embeddable":true,"href":"https:\/\/www.diasdavilaacontece.com\/index.php?rest_route=\/wp\/v2\/users\/1"}],"replies":[{"embeddable":true,"href":"https:\/\/www.diasdavilaacontece.com\/index.php?rest_route=%2Fwp%2Fv2%2Fcomments&post=46918"}],"version-history":[{"count":1,"href":"https:\/\/www.diasdavilaacontece.com\/index.php?rest_route=\/wp\/v2\/posts\/46918\/revisions"}],"predecessor-version":[{"id":46919,"href":"https:\/\/www.diasdavilaacontece.com\/index.php?rest_route=\/wp\/v2\/posts\/46918\/revisions\/46919"}],"wp:attachment":[{"href":"https:\/\/www.diasdavilaacontece.com\/index.php?rest_route=%2Fwp%2Fv2%2Fmedia&parent=46918"}],"wp:term":[{"taxonomy":"category","embeddable":true,"href":"https:\/\/www.diasdavilaacontece.com\/index.php?rest_route=%2Fwp%2Fv2%2Fcategories&post=46918"},{"taxonomy":"post_tag","embeddable":true,"href":"https:\/\/www.diasdavilaacontece.com\/index.php?rest_route=%2Fwp%2Fv2%2Ftags&post=46918"}],"curies":[{"name":"wp","href":"https:\/\/api.w.org\/{rel}","templated":true}]}}