{"id":46969,"date":"2025-02-12T10:32:57","date_gmt":"2025-02-12T10:32:57","guid":{"rendered":"https:\/\/www.diasdavilaacontece.com\/?p=46969"},"modified":"2025-02-12T10:32:57","modified_gmt":"2025-02-12T10:32:57","slug":"ivana-bastos-toma-posse-e-se-torna-a-1a-mulher-a-ser-presidente-da-alba-em-190-anos-de-existencia","status":"publish","type":"post","link":"https:\/\/www.diasdavilaacontece.com\/?p=46969","title":{"rendered":"IVANA BASTOS TOMA POSSE E SE TORNA A 1\u00aa MULHER A SER PRESIDENTE DA ALBA EM 190 ANOS DE EXIST\u00caNCIA"},"content":{"rendered":"<p><strong>A deputada estadual Ivana Bastos (PSD) tomou posse como presidente da Assembleia Legislativa da Bahia (AL-BA) nesta ter\u00e7a-feira (11), ap\u00f3s afastamento de Adolfo Menezes (PSD) em decis\u00e3o de car\u00e1ter liminar do ministro Gilmar Mendes, do Supremo Tribunal Federal (STF). A parlamentar \u00e9 a primeira mulher a ocupar o cargo em toda hist\u00f3ria da AL-BA, que foi criada h\u00e1 150 anos.<\/strong><\/p>\n<p><strong>\u201cEm raz\u00e3o da decis\u00e3o judicial que determinou o afastamento do presidente Adolfo Menezes, assumo a Presid\u00eancia da Assembleia Legislativa da Bahia com responsabilidade e compromisso. Quero ressaltar que esse afastamento est\u00e1 sub judice e, portanto, vamos aguardar com tranquilidade o rito processual. No comando da ALBA, garanto que o nosso trabalho ser\u00e1 pautado pelo respeito \u00e0s institui\u00e7\u00f5es, \u00e0 Constitui\u00e7\u00e3o Estadual e aos interesses do povo baiano\u201d, disse Ivana em cerim\u00f4nia de posse.<\/strong><\/p>\n<p><strong>A presidente tamb\u00e9m indicou que ir\u00e1 permanecer no cargo at\u00e9 a decis\u00e3o final do STF sobre a situa\u00e7\u00e3o de Adolfo Menezes, que deve ocorrer entre os dias 21 e 28 de fevereiro. Ap\u00f3s esse per\u00edodo, a expectativa \u00e9 que a deputada organize a Casa para a convoca\u00e7\u00e3o de novas elei\u00e7\u00f5es para escolher a pr\u00f3xima lideran\u00e7a da AL-BA.<\/strong><\/p>\n<p>&nbsp;<\/p>\n<p><strong>Veja o discurso de Ivana Bastos na \u00edntegra:<\/strong><\/p>\n<p><em>Reafirmo meu compromisso com a transpar\u00eancia, o di\u00e1logo democr\u00e1tico e a continuidade dos trabalhos legislativos com serenidade e dedica\u00e7\u00e3o. Durante este per\u00edodo, trabalharei em parceria com os meus pares para garantir a estabilidade institucional da ALBA, assegurando que as atividades parlamentares sigam com total efici\u00eancia.<br \/>\n&nbsp;<br \/>\nA gest\u00e3o do presidente Adolfo sempre foi marcada pela excel\u00eancia, pelo compromisso com o progresso do estado e pelo respeito \u00e0s institui\u00e7\u00f5es democr\u00e1ticas, e buscarei dar continuidade a esse legado.<br \/>\n&nbsp;<br \/>\nAguardaremos tamb\u00e9m a decis\u00e3o do Supremo Tribunal Federal (STF), que ocorrer\u00e1 entre 21 e 28 de fevereiro, respeitando o devido processo legal e os princ\u00edpios democr\u00e1ticos que regem a nossa Constitui\u00e7\u00e3o.<br \/>\n&nbsp;<br \/>\nA Assembleia Legislativa da Bahia continuar\u00e1 desempenhando seu papel essencial na constru\u00e7\u00e3o de pol\u00edticas p\u00fablicas que beneficiem toda a popula\u00e7\u00e3o, com di\u00e1logo, transpar\u00eancia e compromisso coletivo com o desenvolvimento do nosso estado. O trabalho desta Casa se d\u00e1 de forma conjunta, com a dedica\u00e7\u00e3o de cada deputado e deputada, fundamentais na formula\u00e7\u00e3o e aprova\u00e7\u00e3o de iniciativas que impactam positivamente a vida dos baianos e baianas.<br \/>\n&nbsp;<br \/>\nAtuarei com independ\u00eancia, mas em harmonia com o Executivo, Judici\u00e1rio e Minist\u00e9rio P\u00fablico, de forma a convergir os interesses maiores da Bahia, simbolizados nas pessoas dos chefes desses poderes: o governador Jer\u00f4nimo Rodrigues; a desembargadora Cynthia Resende; e o procurador Pedro Maia.<br \/>\n&nbsp;<br \/>\nCom muita satisfa\u00e7\u00e3o, entro para a hist\u00f3ria como a primeira mulher, em 190 anos, a presidir a Assembleia Legislativa da Bahia, um feito in\u00e9dito na pol\u00edtica estadual. Minha trajet\u00f3ria pol\u00edtica reflete anos de luta e dedica\u00e7\u00e3o em favor do povo baiano. Este momento representa n\u00e3o apenas uma conquista pessoal, mas um avan\u00e7o para todas as mulheres que batalham diariamente por mais espa\u00e7o e voz na pol\u00edtica.<br \/>\n&nbsp;<br \/>\nEssa conquista n\u00e3o \u00e9 s\u00f3 minha, mas de todas que enfrentam desafios e quebram barreiras para transformar o Parlamento em um espa\u00e7o mais plural e representativo.<br \/>\n&nbsp;<br \/>\nQuero que a nossa hist\u00f3ria sirva de inspira\u00e7\u00e3o para outras mulheres, para que acreditem que podem chegar onde quiserem. Sei que minha presen\u00e7a neste cargo refor\u00e7a a import\u00e2ncia da participa\u00e7\u00e3o feminina na pol\u00edtica e abre caminhos para que mais mulheres ocupem posi\u00e7\u00f5es de lideran\u00e7a.<br \/>\n&nbsp;<br \/>\nMais do que legislar, queremos humanizar ainda mais esta Casa, tornando-a um espa\u00e7o acess\u00edvel e pr\u00f3ximo da popula\u00e7\u00e3o. Conto com a colabora\u00e7\u00e3o de todos os parlamentares, servidores e sociedade civil para que possamos, juntos, fortalecer um Parlamento participativo e representativo, garantindo que as pautas essenciais da sociedade sejam debatidas com profundidade e compromisso.<br \/>\n&nbsp;<br \/>\nCom f\u00e9 em Deus, conto com o apoio de todas e de todos; de minha fam\u00edlia, dos meus pares, deputados e deputadas; da nossa Mesa Diretora; do meu partido, o PSD; para cumprir esta importante miss\u00e3o, que \u00e9 presidir, com honra e altivez, o Legislativo da Bahia.<\/em><\/p>\n<p><b>.<\/b><\/p>\n<p>Fonte: Bahia Not\u00edcias<\/p>\n<h3>Related Images:<\/h3>","protected":false},"excerpt":{"rendered":"<p>A deputada estadual Ivana Bastos (PSD) tomou posse como presidente da Assembleia Legislativa da Bahia&#8230;<\/p>\n","protected":false},"author":1,"featured_media":46970,"comment_status":"closed","ping_status":"open","sticky":false,"template":"","format":"standard","meta":{"sfsi_plus_gutenberg_text_before_share":"","sfsi_plus_gutenberg_show_text_before_share":"","sfsi_plus_gutenberg_icon_type":"","sfsi_plus_gutenberg_icon_alignemt":"","sfsi_plus_gutenburg_max_per_row":"","_exactmetrics_skip_tracking":false,"_exactmetrics_sitenote_active":false,"_exactmetrics_sitenote_note":"","_exactmetrics_sitenote_category":0,"ngg_post_thumbnail":0,"footnotes":""},"categories":[115],"tags":[],"class_list":["post-46969","post","type-post","status-publish","format-standard","has-post-thumbnail","hentry","category-acontece"],"_links":{"self":[{"href":"https:\/\/www.diasdavilaacontece.com\/index.php?rest_route=\/wp\/v2\/posts\/46969","targetHints":{"allow":["GET"]}}],"collection":[{"href":"https:\/\/www.diasdavilaacontece.com\/index.php?rest_route=\/wp\/v2\/posts"}],"about":[{"href":"https:\/\/www.diasdavilaacontece.com\/index.php?rest_route=\/wp\/v2\/types\/post"}],"author":[{"embeddable":true,"href":"https:\/\/www.diasdavilaacontece.com\/index.php?rest_route=\/wp\/v2\/users\/1"}],"replies":[{"embeddable":true,"href":"https:\/\/www.diasdavilaacontece.com\/index.php?rest_route=%2Fwp%2Fv2%2Fcomments&post=46969"}],"version-history":[{"count":1,"href":"https:\/\/www.diasdavilaacontece.com\/index.php?rest_route=\/wp\/v2\/posts\/46969\/revisions"}],"predecessor-version":[{"id":46971,"href":"https:\/\/www.diasdavilaacontece.com\/index.php?rest_route=\/wp\/v2\/posts\/46969\/revisions\/46971"}],"wp:featuredmedia":[{"embeddable":true,"href":"https:\/\/www.diasdavilaacontece.com\/index.php?rest_route=\/wp\/v2\/media\/46970"}],"wp:attachment":[{"href":"https:\/\/www.diasdavilaacontece.com\/index.php?rest_route=%2Fwp%2Fv2%2Fmedia&parent=46969"}],"wp:term":[{"taxonomy":"category","embeddable":true,"href":"https:\/\/www.diasdavilaacontece.com\/index.php?rest_route=%2Fwp%2Fv2%2Fcategories&post=46969"},{"taxonomy":"post_tag","embeddable":true,"href":"https:\/\/www.diasdavilaacontece.com\/index.php?rest_route=%2Fwp%2Fv2%2Ftags&post=46969"}],"curies":[{"name":"wp","href":"https:\/\/api.w.org\/{rel}","templated":true}]}}