{"id":47318,"date":"2025-03-16T13:22:38","date_gmt":"2025-03-16T13:22:38","guid":{"rendered":"https:\/\/www.diasdavilaacontece.com\/?p=47318"},"modified":"2025-03-16T13:23:38","modified_gmt":"2025-03-16T13:23:38","slug":"chega-ao-fim-o-sequestro-do-presidente-do-pv-da-bahia","status":"publish","type":"post","link":"https:\/\/www.diasdavilaacontece.com\/?p=47318","title":{"rendered":"CHEGA AO FIM O SEQUESTRO DO PRESIDENTE DO PV DA BAHIA"},"content":{"rendered":"<div class=\"flex flex-col p-2 px-0 w-full font-normal text-[18px] leading-[30px] text-tw-theme-text-default\">\n<p id=\"paragrafo-7nex1g9lav\">O presidente estadual do Partido Verde,&nbsp;Ivanilson Gomes, que foi sequestrado no in\u00edcio da tarde de sexta-feira (14), em Salvador, j\u00e1 est\u00e1 em seguran\u00e7a. A informa\u00e7\u00e3o foi confirmada por volta das 23h deste s\u00e1bado (15) pelo vereador Andr\u00e9 Fraga (PV-Salvador).&nbsp;<\/p>\n<\/div>\n<div class=\"flex flex-col p-2 px-0 w-full font-normal text-[18px] leading-[30px] text-tw-theme-text-default\">\n<p id=\"paragrafo-a2qyhj70if\">&#8220;Com al\u00edvio, compartilho que Ivanilson Gomes, presidente do PV-BA, j\u00e1 est\u00e1 em liberdade e em seguran\u00e7a. Foram dias dif\u00edceis para sua fam\u00edlia, amigos e para os verdes do Brasil. Pedimos respeito e discri\u00e7\u00e3o nesse momento. Agrade\u00e7o as mensagens de apoio e as a\u00e7\u00f5es da DEIC\/DAS e SSP-BA&#8221;, afirmou o edil atrav\u00e9s das redes sociais.&nbsp;<\/p>\n<\/div>\n<div class=\"flex flex-col p-2 px-0 w-full font-normal text-[18px] leading-[30px] text-tw-theme-text-default\">\n<p id=\"paragrafo-k5hok6cyuc\"><b>Funcion\u00e1rio preso por sequestro de presidente do PV na Bahia agiu sem o aval do Comando Vermelho<\/b><\/p>\n<\/div>\n<div class=\"flex flex-col p-2 px-0 w-full font-normal text-[18px] leading-[30px] text-tw-theme-text-default\">\n<p id=\"paragrafo-qaker7eohh\">Preso acusado de envolvimento no sequestro do presidente do Partido Verde (PV) da Bahia, Ivanilson Gomes, ocorrido nesta sexta-feira, no Rio Vermelho, o secret\u00e1rio estadual da Juventude do partido, Gabriel Lu\u00eds, morador do Boqueir\u00e3o, onde funcionava o &#8220;QG&#8221; do Comando Vermelho (CV) no Complexo do Nordeste de Amaralina,&nbsp;planejou o crime sem o aval da c\u00fapula da organiza\u00e7\u00e3o criminosa.<\/p>\n<\/div>\n<div class=\"flex flex-col p-2 px-0 w-full font-normal text-[18px] leading-[30px] text-tw-theme-text-default\">\n<p id=\"paragrafo-8wdhtftana\"><b>Relembre o crime<\/b><\/p>\n<\/div>\n<div class=\"flex flex-col p-2 px-0 w-full font-normal text-[18px] leading-[30px] text-tw-theme-text-default\">\n<p id=\"paragrafo-lq4b9givtv\">O presidente do Partido Verde (PV) da Bahia, Ivanilson Gomes, foi sequestrado ap\u00f3s homens armados invadirem a sede do partido no bairro Rio Vermelho, em Salvador, nesta sexta (14). C\u00e2meras de seguran\u00e7a flagraram a chegada de um carro branco ao local, de onde sa\u00edram dois homens que entraram no pr\u00e9dio. Um terceiro suspeito teria ficado no ve\u00edculo aguardando os comparsas.<\/p>\n<\/div>\n<div class=\"flex flex-col p-2 px-0 w-full font-normal text-[18px] leading-[30px] text-tw-theme-text-default\">\n<p id=\"paragrafo-ps0ywitg80\">Os criminosos roubaram pertences de funcion\u00e1rios e decidiram levar Ivanilson Gomes. H\u00e1 suspeitas de que um integrante do partido possa ter facilitado a entrada dos suspeitos. O sequestro foi confirmado pelo PV, e a pol\u00edcia investiga o envolvimento de ao menos tr\u00eas pessoas na a\u00e7\u00e3o.<\/p>\n<\/div>\n<div class=\"flex flex-col p-2 px-0 w-full font-normal text-[18px] leading-[30px] text-tw-theme-text-default\">\n<p id=\"paragrafo-2trp63qazi\">Ivanilson Gomes, formado em Ci\u00eancia Pol\u00edtica, tamb\u00e9m presidia a Funda\u00e7\u00e3o Verde Herbert Daniel e j\u00e1 foi titular da Secretaria Municipal de Sustentabilidade e Resili\u00eancia de Salvador. O caso gerou como\u00e7\u00e3o e mobilizou autoridades.<\/p>\n<\/div>\n<div class=\"flex flex-col p-2 px-0 w-full font-normal text-[18px] leading-[30px] text-tw-theme-text-default\">\n<p id=\"paragrafo-ihzkf83s72\">A presidente da Assembleia Legislativa da Bahia (ALBA), deputada Ivana Bastos, afirmou ter entrado em contato imediatamente com o comandante-geral da Pol\u00edcia Militar, coronel Coutinho, e com o secret\u00e1rio de Seguran\u00e7a P\u00fablica, Marcelo Werner, para pedir prioridade nas investiga\u00e7\u00f5es. \u201cRecebi com grande preocupa\u00e7\u00e3o a not\u00edcia do sequestro de Ivanilson Gomes. Expresso minha total solidariedade a ele, sua fam\u00edlia e todos que aguardam ansiosamente por sua seguran\u00e7a. Confio no trabalho das for\u00e7as de seguran\u00e7a do nosso estado para que ele seja resgatado o mais r\u00e1pido poss\u00edvel, com sua integridade preservada\u201d, declarou.<\/p>\n<\/div>\n<p>&nbsp;<\/p>\n<p>.<\/p>\n<p>Fonte: Correio24hs<\/p>\n<div class=\"container-publicidade-single-bot w-full flex items-center justify-center overflow-hidden\">&nbsp;<\/div>\n<h3>Related Images:<\/h3>","protected":false},"excerpt":{"rendered":"<p>O presidente estadual do Partido Verde,&nbsp;Ivanilson Gomes, que foi sequestrado no in\u00edcio da tarde de&#8230;<\/p>\n","protected":false},"author":1,"featured_media":47319,"comment_status":"closed","ping_status":"open","sticky":false,"template":"","format":"standard","meta":{"sfsi_plus_gutenberg_text_before_share":"","sfsi_plus_gutenberg_show_text_before_share":"","sfsi_plus_gutenberg_icon_type":"","sfsi_plus_gutenberg_icon_alignemt":"","sfsi_plus_gutenburg_max_per_row":"","_exactmetrics_skip_tracking":false,"_exactmetrics_sitenote_active":false,"_exactmetrics_sitenote_note":"","_exactmetrics_sitenote_category":0,"ngg_post_thumbnail":0,"footnotes":""},"categories":[5],"tags":[],"class_list":["post-47318","post","type-post","status-publish","format-standard","has-post-thumbnail","hentry","category-destaques"],"_links":{"self":[{"href":"https:\/\/www.diasdavilaacontece.com\/index.php?rest_route=\/wp\/v2\/posts\/47318","targetHints":{"allow":["GET"]}}],"collection":[{"href":"https:\/\/www.diasdavilaacontece.com\/index.php?rest_route=\/wp\/v2\/posts"}],"about":[{"href":"https:\/\/www.diasdavilaacontece.com\/index.php?rest_route=\/wp\/v2\/types\/post"}],"author":[{"embeddable":true,"href":"https:\/\/www.diasdavilaacontece.com\/index.php?rest_route=\/wp\/v2\/users\/1"}],"replies":[{"embeddable":true,"href":"https:\/\/www.diasdavilaacontece.com\/index.php?rest_route=%2Fwp%2Fv2%2Fcomments&post=47318"}],"version-history":[{"count":2,"href":"https:\/\/www.diasdavilaacontece.com\/index.php?rest_route=\/wp\/v2\/posts\/47318\/revisions"}],"predecessor-version":[{"id":47321,"href":"https:\/\/www.diasdavilaacontece.com\/index.php?rest_route=\/wp\/v2\/posts\/47318\/revisions\/47321"}],"wp:featuredmedia":[{"embeddable":true,"href":"https:\/\/www.diasdavilaacontece.com\/index.php?rest_route=\/wp\/v2\/media\/47319"}],"wp:attachment":[{"href":"https:\/\/www.diasdavilaacontece.com\/index.php?rest_route=%2Fwp%2Fv2%2Fmedia&parent=47318"}],"wp:term":[{"taxonomy":"category","embeddable":true,"href":"https:\/\/www.diasdavilaacontece.com\/index.php?rest_route=%2Fwp%2Fv2%2Fcategories&post=47318"},{"taxonomy":"post_tag","embeddable":true,"href":"https:\/\/www.diasdavilaacontece.com\/index.php?rest_route=%2Fwp%2Fv2%2Ftags&post=47318"}],"curies":[{"name":"wp","href":"https:\/\/api.w.org\/{rel}","templated":true}]}}