{"id":48424,"date":"2025-06-28T16:22:56","date_gmt":"2025-06-28T16:22:56","guid":{"rendered":"https:\/\/www.diasdavilaacontece.com\/?p=48424"},"modified":"2025-06-28T16:22:56","modified_gmt":"2025-06-28T16:22:56","slug":"saiba-como-foi-a-1a-noite-do-forro-davila-sao-pedro-2025","status":"publish","type":"post","link":"https:\/\/www.diasdavilaacontece.com\/?p=48424","title":{"rendered":"SAIBA COMO FOI A 1\u00aa NOITE DO FORR\u00d3 D&#8217;\u00c1VILA, S\u00c3O PEDRO 2025"},"content":{"rendered":"<div class=\"post-info\">\n<div class=\"categories\">A primeira noite do Forr\u00f3 d\u2019\u00c1vila 2025 aconteceu com muita vibra\u00e7\u00e3o por parte do p\u00fablico presente.<\/div>\n<div class=\"categories\">Realizada na Pra\u00e7a do Rio Imbassay, a abertura dos festejos do S\u00e3o Pedro em Dias d&#8217;\u00c1vila atraiu uma multid\u00e3o de moradores, turistas e forrozeiros apaixonados, consolidando o evento como um dos principais do calend\u00e1rio cultural da Bahia.<\/div>\n<div><a href=\"https:\/\/www.diasdavilaacontece.com\/wp-content\/uploads\/2025\/06\/dav1.jpeg\"><img loading=\"lazy\" decoding=\"async\" class=\"alignnone size-medium wp-image-48430\" src=\"https:\/\/www.diasdavilaacontece.com\/wp-content\/uploads\/2025\/06\/dav1-300x149.jpeg\" alt=\"\" width=\"300\" height=\"149\" srcset=\"https:\/\/www.diasdavilaacontece.com\/wp-content\/uploads\/2025\/06\/dav1-300x149.jpeg 300w, https:\/\/www.diasdavilaacontece.com\/wp-content\/uploads\/2025\/06\/dav1-1024x509.jpeg 1024w, https:\/\/www.diasdavilaacontece.com\/wp-content\/uploads\/2025\/06\/dav1-768x382.jpeg 768w, https:\/\/www.diasdavilaacontece.com\/wp-content\/uploads\/2025\/06\/dav1-1536x764.jpeg 1536w, https:\/\/www.diasdavilaacontece.com\/wp-content\/uploads\/2025\/06\/dav1.jpeg 1600w\" sizes=\"auto, (max-width: 300px) 100vw, 300px\" \/><\/a><\/div>\n<\/div>\n<div class=\"post-content has_thumbnail\">\n<article class=\"template-part-component-the-content\">O evento reuniu grandes nomes da m\u00fasica nordestina.<\/p>\n<p><a href=\"https:\/\/www.diasdavilaacontece.com\/wp-content\/uploads\/2025\/06\/dav3.jpeg\"><img loading=\"lazy\" decoding=\"async\" class=\"alignnone size-medium wp-image-48428\" src=\"https:\/\/www.diasdavilaacontece.com\/wp-content\/uploads\/2025\/06\/dav3-300x175.jpeg\" alt=\"\" width=\"300\" height=\"175\" srcset=\"https:\/\/www.diasdavilaacontece.com\/wp-content\/uploads\/2025\/06\/dav3-300x175.jpeg 300w, https:\/\/www.diasdavilaacontece.com\/wp-content\/uploads\/2025\/06\/dav3-768x449.jpeg 768w, https:\/\/www.diasdavilaacontece.com\/wp-content\/uploads\/2025\/06\/dav3.jpeg 1024w\" sizes=\"auto, (max-width: 300px) 100vw, 300px\" \/><\/a><\/p>\n<p>O palco da primeira noite brilhou com apresenta\u00e7\u00f5es de Thizio do Acordeon, Arreio de Ouro, Daniel Vieira, Zezo Potiguar e Mari Fernandez, al\u00e9m da tradicional Charanga e dezenas de artistas locais \u2014 as pratas da casa.<\/p>\n<p><a href=\"https:\/\/www.diasdavilaacontece.com\/wp-content\/uploads\/2025\/06\/dav4.jpeg\"><img loading=\"lazy\" decoding=\"async\" class=\"alignnone size-medium wp-image-48427\" src=\"https:\/\/www.diasdavilaacontece.com\/wp-content\/uploads\/2025\/06\/dav4-300x197.jpeg\" alt=\"\" width=\"300\" height=\"197\" srcset=\"https:\/\/www.diasdavilaacontece.com\/wp-content\/uploads\/2025\/06\/dav4-300x197.jpeg 300w, https:\/\/www.diasdavilaacontece.com\/wp-content\/uploads\/2025\/06\/dav4-768x505.jpeg 768w, https:\/\/www.diasdavilaacontece.com\/wp-content\/uploads\/2025\/06\/dav4-720x475.jpeg 720w, https:\/\/www.diasdavilaacontece.com\/wp-content\/uploads\/2025\/06\/dav4.jpeg 1024w\" sizes=\"auto, (max-width: 300px) 100vw, 300px\" \/><\/a><\/p>\n<p>A festa segue at\u00e9 o domingo, 29 de junho, prometendo momentos de muita m\u00fasica ao som do aut\u00eantico forr\u00f3 e ritmos que celebram a cultura nordestina.&nbsp;<\/p>\n<p><a href=\"https:\/\/www.diasdavilaacontece.com\/wp-content\/uploads\/2025\/06\/dav5.jpeg\"><img loading=\"lazy\" decoding=\"async\" class=\"alignnone size-medium wp-image-48426\" src=\"https:\/\/www.diasdavilaacontece.com\/wp-content\/uploads\/2025\/06\/dav5-300x171.jpeg\" alt=\"\" width=\"300\" height=\"171\" srcset=\"https:\/\/www.diasdavilaacontece.com\/wp-content\/uploads\/2025\/06\/dav5-300x171.jpeg 300w, https:\/\/www.diasdavilaacontece.com\/wp-content\/uploads\/2025\/06\/dav5-768x438.jpeg 768w, https:\/\/www.diasdavilaacontece.com\/wp-content\/uploads\/2025\/06\/dav5.jpeg 1024w\" sizes=\"auto, (max-width: 300px) 100vw, 300px\" \/><\/a><\/p>\n<p>Al\u00e9m do impacto cultural, o S\u00e3o Pedro 2025 tem uma importante fun\u00e7\u00e3o social e econ\u00f4mica.&nbsp;<\/p>\n<p><a href=\"https:\/\/www.diasdavilaacontece.com\/wp-content\/uploads\/2025\/06\/dav2.jpeg\"><img loading=\"lazy\" decoding=\"async\" class=\"alignnone size-medium wp-image-48429\" src=\"https:\/\/www.diasdavilaacontece.com\/wp-content\/uploads\/2025\/06\/dav2-300x186.jpeg\" alt=\"\" width=\"300\" height=\"186\" srcset=\"https:\/\/www.diasdavilaacontece.com\/wp-content\/uploads\/2025\/06\/dav2-300x186.jpeg 300w, https:\/\/www.diasdavilaacontece.com\/wp-content\/uploads\/2025\/06\/dav2-768x476.jpeg 768w, https:\/\/www.diasdavilaacontece.com\/wp-content\/uploads\/2025\/06\/dav2.jpeg 1024w\" sizes=\"auto, (max-width: 300px) 100vw, 300px\" \/><\/a><\/p>\n<p>Apesar do tempo, espera-se que a movimenta\u00e7\u00e3o aumente a cada noite.<\/p>\n<p>O Forr\u00f3 d\u2019\u00c1vila 2025 confirma seu papel como refer\u00eancia em festas juninas na Bahia, levando alegria \u00e0 popula\u00e7\u00e3o e promovendo oportunidades para centenas de fam\u00edlias.<\/p>\n<\/article>\n<\/div>\n<h3>Related Images:<\/h3>","protected":false},"excerpt":{"rendered":"<p>A primeira noite do Forr\u00f3 d\u2019\u00c1vila 2025 aconteceu com muita vibra\u00e7\u00e3o por parte do p\u00fablico&#8230;<\/p>\n","protected":false},"author":1,"featured_media":48425,"comment_status":"closed","ping_status":"open","sticky":false,"template":"","format":"standard","meta":{"sfsi_plus_gutenberg_text_before_share":"","sfsi_plus_gutenberg_show_text_before_share":"","sfsi_plus_gutenberg_icon_type":"","sfsi_plus_gutenberg_icon_alignemt":"","sfsi_plus_gutenburg_max_per_row":"","_exactmetrics_skip_tracking":false,"_exactmetrics_sitenote_active":false,"_exactmetrics_sitenote_note":"","_exactmetrics_sitenote_category":0,"ngg_post_thumbnail":0,"footnotes":""},"categories":[5],"tags":[],"class_list":["post-48424","post","type-post","status-publish","format-standard","has-post-thumbnail","hentry","category-destaques"],"_links":{"self":[{"href":"https:\/\/www.diasdavilaacontece.com\/index.php?rest_route=\/wp\/v2\/posts\/48424","targetHints":{"allow":["GET"]}}],"collection":[{"href":"https:\/\/www.diasdavilaacontece.com\/index.php?rest_route=\/wp\/v2\/posts"}],"about":[{"href":"https:\/\/www.diasdavilaacontece.com\/index.php?rest_route=\/wp\/v2\/types\/post"}],"author":[{"embeddable":true,"href":"https:\/\/www.diasdavilaacontece.com\/index.php?rest_route=\/wp\/v2\/users\/1"}],"replies":[{"embeddable":true,"href":"https:\/\/www.diasdavilaacontece.com\/index.php?rest_route=%2Fwp%2Fv2%2Fcomments&post=48424"}],"version-history":[{"count":1,"href":"https:\/\/www.diasdavilaacontece.com\/index.php?rest_route=\/wp\/v2\/posts\/48424\/revisions"}],"predecessor-version":[{"id":48431,"href":"https:\/\/www.diasdavilaacontece.com\/index.php?rest_route=\/wp\/v2\/posts\/48424\/revisions\/48431"}],"wp:featuredmedia":[{"embeddable":true,"href":"https:\/\/www.diasdavilaacontece.com\/index.php?rest_route=\/wp\/v2\/media\/48425"}],"wp:attachment":[{"href":"https:\/\/www.diasdavilaacontece.com\/index.php?rest_route=%2Fwp%2Fv2%2Fmedia&parent=48424"}],"wp:term":[{"taxonomy":"category","embeddable":true,"href":"https:\/\/www.diasdavilaacontece.com\/index.php?rest_route=%2Fwp%2Fv2%2Fcategories&post=48424"},{"taxonomy":"post_tag","embeddable":true,"href":"https:\/\/www.diasdavilaacontece.com\/index.php?rest_route=%2Fwp%2Fv2%2Ftags&post=48424"}],"curies":[{"name":"wp","href":"https:\/\/api.w.org\/{rel}","templated":true}]}}