{"id":48483,"date":"2025-07-04T11:33:09","date_gmt":"2025-07-04T11:33:09","guid":{"rendered":"https:\/\/www.diasdavilaacontece.com\/?p=48483"},"modified":"2025-07-04T13:07:57","modified_gmt":"2025-07-04T13:07:57","slug":"dias-davila-registra-homicidio-de-jovem-proximo-a-escola-florencio-borges","status":"publish","type":"post","link":"https:\/\/www.diasdavilaacontece.com\/?p=48483","title":{"rendered":"DIAS D&#8217;\u00c1VILA REGISTRA HOMIC\u00cdDIO DE JOVEM PR\u00d3XIMO A ESCOLA FLOR\u00caNCIO BORGES"},"content":{"rendered":"<p>Dias d&#8217;\u00c1vila registra novo homic\u00eddio em suas ruas nesta quinta-feira (3).<\/p>\n<p>Segundo informa\u00e7\u00f5es, um jovem identificado como &#8216;Gideon&#8217; foi morto a tiros na tarde desta quinta-feira (3), por volta das 15h30, em frente \u00e0 Escola Municipal Flor\u00eancio Borges, localizada na Rua Santa Terezinha, em Dias d\u2019\u00c1vila. O crime tem caracter\u00edsticas de execu\u00e7\u00e3o.<\/p>\n<p>Conforme relatos de testemunhas, a v\u00edtima caminhava pela referida rua quando foi abordado por pessoas em um carro ainda n\u00e3o identificado. Algu\u00e9m de dentro do carro chamou o jovem pelo nome e, ao atender o chamado, foi atingido por disparos de pistola calibre 9mm. A v\u00edtima, mesma ferida, tentou fugir e correu em dire\u00e7\u00e3o a um campo de futebol pr\u00f3ximo. Buscando uma sa\u00edda, pulou o muro ao lado do col\u00e9gio, mas foi perseguido por um dos atiradores, que tamb\u00e9m pulou o mesmo muro, continuando a disparar. A v\u00edtima ao tentar sair pelo port\u00e3o da frente da cooperativa deparou com um segundo homem armado, que efetuando novos disparos, atingiu a v\u00edtima \u00e0 queima-roupa.<\/p>\n<p>Ele residia pr\u00f3ximo \u00e0 \u00c1gua Mineral Dias d\u2019\u00c1vila, perto da Cidade Mirim.&nbsp;<\/p>\n<p>A 25\u00aa DT\/Dias d&#8217;\u00c1vila segue investigando o caso para solucionar a motiva\u00e7\u00e3o do crime e autuar os autores do homic\u00eddio.<\/p>\n<h3>Related Images:<\/h3>","protected":false},"excerpt":{"rendered":"<p>Dias d&#8217;\u00c1vila registra novo homic\u00eddio em suas ruas nesta quinta-feira (3). Segundo informa\u00e7\u00f5es, um jovem&#8230;<\/p>\n","protected":false},"author":1,"featured_media":46869,"comment_status":"closed","ping_status":"open","sticky":false,"template":"","format":"standard","meta":{"sfsi_plus_gutenberg_text_before_share":"","sfsi_plus_gutenberg_show_text_before_share":"","sfsi_plus_gutenberg_icon_type":"","sfsi_plus_gutenberg_icon_alignemt":"","sfsi_plus_gutenburg_max_per_row":"","_exactmetrics_skip_tracking":false,"_exactmetrics_sitenote_active":false,"_exactmetrics_sitenote_note":"","_exactmetrics_sitenote_category":0,"ngg_post_thumbnail":0,"footnotes":""},"categories":[56],"tags":[],"class_list":["post-48483","post","type-post","status-publish","format-standard","has-post-thumbnail","hentry","category-dias-davila"],"_links":{"self":[{"href":"https:\/\/www.diasdavilaacontece.com\/index.php?rest_route=\/wp\/v2\/posts\/48483","targetHints":{"allow":["GET"]}}],"collection":[{"href":"https:\/\/www.diasdavilaacontece.com\/index.php?rest_route=\/wp\/v2\/posts"}],"about":[{"href":"https:\/\/www.diasdavilaacontece.com\/index.php?rest_route=\/wp\/v2\/types\/post"}],"author":[{"embeddable":true,"href":"https:\/\/www.diasdavilaacontece.com\/index.php?rest_route=\/wp\/v2\/users\/1"}],"replies":[{"embeddable":true,"href":"https:\/\/www.diasdavilaacontece.com\/index.php?rest_route=%2Fwp%2Fv2%2Fcomments&post=48483"}],"version-history":[{"count":4,"href":"https:\/\/www.diasdavilaacontece.com\/index.php?rest_route=\/wp\/v2\/posts\/48483\/revisions"}],"predecessor-version":[{"id":48496,"href":"https:\/\/www.diasdavilaacontece.com\/index.php?rest_route=\/wp\/v2\/posts\/48483\/revisions\/48496"}],"wp:featuredmedia":[{"embeddable":true,"href":"https:\/\/www.diasdavilaacontece.com\/index.php?rest_route=\/wp\/v2\/media\/46869"}],"wp:attachment":[{"href":"https:\/\/www.diasdavilaacontece.com\/index.php?rest_route=%2Fwp%2Fv2%2Fmedia&parent=48483"}],"wp:term":[{"taxonomy":"category","embeddable":true,"href":"https:\/\/www.diasdavilaacontece.com\/index.php?rest_route=%2Fwp%2Fv2%2Fcategories&post=48483"},{"taxonomy":"post_tag","embeddable":true,"href":"https:\/\/www.diasdavilaacontece.com\/index.php?rest_route=%2Fwp%2Fv2%2Ftags&post=48483"}],"curies":[{"name":"wp","href":"https:\/\/api.w.org\/{rel}","templated":true}]}}