{"id":48491,"date":"2025-07-04T12:28:53","date_gmt":"2025-07-04T12:28:53","guid":{"rendered":"https:\/\/www.diasdavilaacontece.com\/?p=48491"},"modified":"2025-07-04T12:28:53","modified_gmt":"2025-07-04T12:28:53","slug":"capitaes-da-areia-classico-de-jorge-amado-enfrenta-tentativa-de-censura-em-santa-catarina","status":"publish","type":"post","link":"https:\/\/www.diasdavilaacontece.com\/?p=48491","title":{"rendered":"CAPIT\u00c3ES DA AREIA, CL\u00c1SSICO DE JORGE AMADO ENFRENTA TENTATIVA DE CENSURA EM SANTA CATARINA"},"content":{"rendered":"<p><strong>O livro Capit\u00e3es da Areia<\/strong>, de Jorge Amado considerado um cl\u00e1ssico da literatura brasileira, \u00e9 o mais novo alvo de um movimento de proibi\u00e7\u00e3o de determinadas obras nas escolas. A vereadora J\u00e9ssica Lemoine (PL), de Itapo\u00e1, em Santa Catarina, solicitou que a obra seja retirada do curr\u00edculo das escolas da cidade. Para ela, o livro &#8220;promove a marginaliza\u00e7\u00e3o infantil, romantiza o estupro e a rela\u00e7\u00e3o sexual entre adultos e crian\u00e7as&#8221;<\/p>\n<aside class=\"inreadads inreadads-1\">\n<div id=\"wrapper-otempo-inread-1\" class=\"wrapper-otempo-inread\">\n<div id=\"div-otempo-o-inread-1\" class=\"content-otempo-inread\">Durante sua fala em sess\u00e3o na C\u00e2mara Municipal, a vereadora disse que considera a obra inapropriada para crian\u00e7as e que a classifica\u00e7\u00e3o indicativa do livro teria sido reduzida de 18 para 14 anos, como forma de permitir o uso da obra no material did\u00e1tico para alunos do 7\u00ba e 8\u00ba ano do ensino fundamental (que t\u00eam entre 12 e 13 anos).<\/div>\n<\/div>\n<\/aside>\n<p>No entanto, ao contr\u00e1rio de filmes e outros tipos de m\u00eddia, n\u00e3o h\u00e1 obrigatoriedade de indica\u00e7\u00e3o et\u00e1ria para livros no Pa\u00eds, j\u00e1 que o Minist\u00e9rio da Justi\u00e7a e Seguran\u00e7a P\u00fablica (MJSP), \u00f3rg\u00e3o respons\u00e1vel pela regulamenta\u00e7\u00e3o, n\u00e3o os considera produtos classific\u00e1veis. Dessa forma, fica a crit\u00e9rio das editoras sugerir ou n\u00e3o uma faixa et\u00e1ria.<\/p>\n<p>J\u00e9ssica Lemoine disse, ainda, que a presen\u00e7a de um &#8220;escritor comunista&#8221; como&nbsp;<strong>Jorge Amado<\/strong> no curr\u00edculo escolar seria uma tentativa de &#8220;infiltra\u00e7\u00e3o da esquerda&#8221; na educa\u00e7\u00e3o. Ela afirma que levantou a pauta na c\u00e2mara por pedido de um mun\u00edcipe, pai de uma crian\u00e7a. &#8220;N\u00e3o sou contra esse livro, inclusive espero que siga dispon\u00edvel na Biblioteca Municipal, porque esse tipo de leitura cai no vestibular&#8221;, acrescentou a vereadora.<\/p>\n<p>O v\u00eddeo do discurso foi compartilhado por J\u00e9ssica no Instagram em 16 de junho. Na legenda, escreveu: &#8220;Isso n\u00e3o \u00e9 censura, \u00e9 respeito com nossas crian\u00e7as e adolescentes, esse livro pode estar na biblioteca para uso de quem tenha idade adequada.&#8221; O conte\u00fado passou a ter maior repercuss\u00e3o nas redes sociais somente na quarta-feira, 2 de julho.<\/p>\n<p><strong>Sobre o que \u00e9 &#8216;Capit\u00e3es da Areia&#8217;<\/strong><\/p>\n<p>Publicado em 1937, o romance de Jorge Amado acompanha o cotidiano de um grupo de meninos nas ruas de Salvador, Bahia. Abandonados, eles vivem \u00e0 margem da sociedade e lutam pela sobreviv\u00eancia, recorrendo a roubos e sonhando com um futuro melhor. A obra explora as contradi\u00e7\u00f5es de uma inf\u00e2ncia marcada pela viol\u00eancia e o abandono.<\/p>\n<p><strong>ABL &#8216;repudia nova tentativa de censura a livros&#8217; em nota<\/strong><\/p>\n<p>Nesta quinta, 3, a Academia Brasileira de Letras (ABL) divulgou uma nota de rep\u00fadio assinada por Merval Pereira, presidente da institui\u00e7\u00e3o.<\/p>\n<p>&#8220;A Academia Brasileira de Letras vem mais uma vez se posicionar contra a tentativa de censura a livros, como acontece agora em Santa Catarina. Escrito em 1937, o livro Capit\u00e3es de Areia vem sendo admirado desde ent\u00e3o. O acad\u00eamico Jorge Amado, um dos nossos maiores escritores, reconhecido internacionalmente, ser discriminado por suposta influ\u00eancia pol\u00edtica comunista, a essa altura do s\u00e9culo 21, chega a ser pat\u00e9tico. At\u00e9 porque Jorge Amado renegou o comunismo em 1956&#8221;, diz a nota.<\/p>\n<p><strong>Tentativa de censura a livros n\u00e3o \u00e9 novidade<\/strong><\/p>\n<p>No Brasil, tentativas de proibi\u00e7\u00e3o ou boicote a&nbsp;<strong>obras liter\u00e1rias<\/strong>&nbsp;t\u00eam sido cada vez mais frequentes, geralmente incentivadas por pol\u00edticos ligados aos partidos de direita &#8211; como \u00e9 o caso do PL de Lemoine, tamb\u00e9m partido do ex-presidente Jair Bolsonaro.<\/p>\n<p>Em novembro de 2023, por exemplo, o governo de Santa Catarina ordenou que nove livros fossem retirados de escolas p\u00fablicas &#8211; todos eles t\u00edtulos estrangeiros, em sua maioria obras de suspense e terror. Antes mesmo, em 2020, o governo de Rond\u00f4nia empenhou uma tentativa de recolher diversos cl\u00e1ssicos da literatura brasileira de escolas, com a alega\u00e7\u00e3o de &#8220;conte\u00fados inadequados \u00e0s crian\u00e7as e adolescentes&#8221;, mas desistiu do procedimento.<\/p>\n<p>Em mar\u00e7o do ano passado, o livro O Avesso da Pele, de Jeferson Ten\u00f3rio, vencedor do Pr\u00eamio Jabuti de melhor romance, levantou discuss\u00f5es nas redes sociais ap\u00f3s ter sido criticado pela diretora de uma escola estadual em Santa Cruz do Sul, no Rio Grande do Sul. Ela condenou o que considera &#8220;vocabul\u00e1rios de t\u00e3o baixo n\u00edvel&#8221; presentes no livro, questionando a decis\u00e3o do governo federal de incluir tal material no Programa Nacional do Livro e do Material Did\u00e1tico (PNLD) para alunos do Ensino M\u00e9dio. O t\u00edtulo aborda quest\u00f5es como racismo estrutural, viol\u00eancia policial e defici\u00eancias do sistema de ensino.<\/p>\n<p>Na mesma semana, a Secretaria de Estado da Educa\u00e7\u00e3o do Paran\u00e1 emitiu um of\u00edcio determinando que o livro fosse recolhido de escolas em Curitiba. &#8220;H\u00e1 um recrudescimento de um discurso conservador, uma vis\u00e3o que se recusa a encarar as quest\u00f5es cruciais da sociedade&#8221;, afirmou Ten\u00f3rio ao Estad\u00e3o na \u00e9poca.<\/p>\n<p>V\u00e1rios outros t\u00edtulos sofreram tentativas de censura na \u00faltima d\u00e9cada, seja por iniciativa do poder p\u00fablico ou por manifesta\u00e7\u00f5es pontuais, partindo de pais ou professores.<\/p>\n<p>S\u00e3o casos que mobilizaram debates nas redes sociais e na m\u00eddia. Exemplo emblem\u00e1tico aconteceu em 2019, na Bienal do Livro do Rio de Janeiro, quando o ent\u00e3o prefeito Marcelo Crivella determinou que uma hist\u00f3ria em quadrinhos fosse retirada do evento por conter uma cena de beijo gay. Na ocasi\u00e3o, o Supremo Tribunal Federal (STF) derrubou a decis\u00e3o tomada pelo Tribunal do Rio a pedido de Crivella.<\/p>\n<h3>Related Images:<\/h3>","protected":false},"excerpt":{"rendered":"<p>O livro Capit\u00e3es da Areia, de Jorge Amado considerado um cl\u00e1ssico da literatura brasileira, \u00e9&#8230;<\/p>\n","protected":false},"author":1,"featured_media":48492,"comment_status":"closed","ping_status":"open","sticky":false,"template":"","format":"standard","meta":{"sfsi_plus_gutenberg_text_before_share":"","sfsi_plus_gutenberg_show_text_before_share":"","sfsi_plus_gutenberg_icon_type":"","sfsi_plus_gutenberg_icon_alignemt":"","sfsi_plus_gutenburg_max_per_row":"","_exactmetrics_skip_tracking":false,"_exactmetrics_sitenote_active":false,"_exactmetrics_sitenote_note":"","_exactmetrics_sitenote_category":0,"ngg_post_thumbnail":0,"footnotes":""},"categories":[115],"tags":[],"class_list":["post-48491","post","type-post","status-publish","format-standard","has-post-thumbnail","hentry","category-acontece"],"_links":{"self":[{"href":"https:\/\/www.diasdavilaacontece.com\/index.php?rest_route=\/wp\/v2\/posts\/48491","targetHints":{"allow":["GET"]}}],"collection":[{"href":"https:\/\/www.diasdavilaacontece.com\/index.php?rest_route=\/wp\/v2\/posts"}],"about":[{"href":"https:\/\/www.diasdavilaacontece.com\/index.php?rest_route=\/wp\/v2\/types\/post"}],"author":[{"embeddable":true,"href":"https:\/\/www.diasdavilaacontece.com\/index.php?rest_route=\/wp\/v2\/users\/1"}],"replies":[{"embeddable":true,"href":"https:\/\/www.diasdavilaacontece.com\/index.php?rest_route=%2Fwp%2Fv2%2Fcomments&post=48491"}],"version-history":[{"count":1,"href":"https:\/\/www.diasdavilaacontece.com\/index.php?rest_route=\/wp\/v2\/posts\/48491\/revisions"}],"predecessor-version":[{"id":48493,"href":"https:\/\/www.diasdavilaacontece.com\/index.php?rest_route=\/wp\/v2\/posts\/48491\/revisions\/48493"}],"wp:featuredmedia":[{"embeddable":true,"href":"https:\/\/www.diasdavilaacontece.com\/index.php?rest_route=\/wp\/v2\/media\/48492"}],"wp:attachment":[{"href":"https:\/\/www.diasdavilaacontece.com\/index.php?rest_route=%2Fwp%2Fv2%2Fmedia&parent=48491"}],"wp:term":[{"taxonomy":"category","embeddable":true,"href":"https:\/\/www.diasdavilaacontece.com\/index.php?rest_route=%2Fwp%2Fv2%2Fcategories&post=48491"},{"taxonomy":"post_tag","embeddable":true,"href":"https:\/\/www.diasdavilaacontece.com\/index.php?rest_route=%2Fwp%2Fv2%2Ftags&post=48491"}],"curies":[{"name":"wp","href":"https:\/\/api.w.org\/{rel}","templated":true}]}}